{"id":41322,"date":"2025-01-27T16:50:34","date_gmt":"2025-01-27T15:50:34","guid":{"rendered":"https:\/\/centralmedia.rs\/?p=41322"},"modified":"2025-01-27T16:50:35","modified_gmt":"2025-01-27T15:50:35","slug":"proslavljen-praznik-svetog-save-u-hilandaru-2","status":"publish","type":"post","link":"https:\/\/centralmedia.rs\/index.php\/2025\/01\/27\/proslavljen-praznik-svetog-save-u-hilandaru-2\/","title":{"rendered":"Proslavljen praznik Svetog Save u Hilandaru"},"content":{"rendered":"\n<p>Sveta carska srpska lavra Hilandar sve\u010dano i molitveno je proslavila svog ktitora, Svetog Savu, Arhiepiskopa srpskog.<\/p>\n\n\n\n<figure class=\"wp-block-gallery has-nested-images columns-default is-cropped wp-block-gallery-1 is-layout-flex wp-block-gallery-is-layout-flex\">\n<figure class=\"wp-block-image size-large\"><img loading=\"lazy\" decoding=\"async\" width=\"1024\" height=\"680\" data-id=\"41324\" src=\"https:\/\/centralmedia.rs\/wp-content\/uploads\/2025\/01\/sveti-sava-hilandat2-1024x680.jpg\" alt=\"\" class=\"wp-image-41324\" srcset=\"https:\/\/centralmedia.rs\/wp-content\/uploads\/2025\/01\/sveti-sava-hilandat2-1024x680.jpg 1024w, https:\/\/centralmedia.rs\/wp-content\/uploads\/2025\/01\/sveti-sava-hilandat2-300x199.jpg 300w, https:\/\/centralmedia.rs\/wp-content\/uploads\/2025\/01\/sveti-sava-hilandat2-768x510.jpg 768w, https:\/\/centralmedia.rs\/wp-content\/uploads\/2025\/01\/sveti-sava-hilandat2.jpg 1440w\" sizes=\"(max-width: 1024px) 100vw, 1024px\" \/><\/figure>\n\n\n\n<figure class=\"wp-block-image size-large\"><img loading=\"lazy\" decoding=\"async\" width=\"1024\" height=\"681\" data-id=\"41325\" src=\"https:\/\/centralmedia.rs\/wp-content\/uploads\/2025\/01\/sveti-sava-hilandat3-1024x681.jpg\" alt=\"\" class=\"wp-image-41325\" srcset=\"https:\/\/centralmedia.rs\/wp-content\/uploads\/2025\/01\/sveti-sava-hilandat3-1024x681.jpg 1024w, https:\/\/centralmedia.rs\/wp-content\/uploads\/2025\/01\/sveti-sava-hilandat3-300x199.jpg 300w, https:\/\/centralmedia.rs\/wp-content\/uploads\/2025\/01\/sveti-sava-hilandat3-768x510.jpg 768w, https:\/\/centralmedia.rs\/wp-content\/uploads\/2025\/01\/sveti-sava-hilandat3-600x400.jpg 600w, https:\/\/centralmedia.rs\/wp-content\/uploads\/2025\/01\/sveti-sava-hilandat3.jpg 1440w\" sizes=\"(max-width: 1024px) 100vw, 1024px\" \/><\/figure>\n\n\n\n<figure class=\"wp-block-image size-large\"><img loading=\"lazy\" decoding=\"async\" width=\"1024\" height=\"681\" data-id=\"41327\" src=\"https:\/\/centralmedia.rs\/wp-content\/uploads\/2025\/01\/sveti-sava-hilandat4-1024x681.jpg\" alt=\"\" class=\"wp-image-41327\" srcset=\"https:\/\/centralmedia.rs\/wp-content\/uploads\/2025\/01\/sveti-sava-hilandat4-1024x681.jpg 1024w, https:\/\/centralmedia.rs\/wp-content\/uploads\/2025\/01\/sveti-sava-hilandat4-300x199.jpg 300w, https:\/\/centralmedia.rs\/wp-content\/uploads\/2025\/01\/sveti-sava-hilandat4-768x510.jpg 768w, https:\/\/centralmedia.rs\/wp-content\/uploads\/2025\/01\/sveti-sava-hilandat4-600x400.jpg 600w, https:\/\/centralmedia.rs\/wp-content\/uploads\/2025\/01\/sveti-sava-hilandat4.jpg 1440w\" sizes=\"(max-width: 1024px) 100vw, 1024px\" \/><\/figure>\n\n\n\n<figure class=\"wp-block-image size-large\"><img loading=\"lazy\" decoding=\"async\" width=\"1024\" height=\"681\" data-id=\"41328\" src=\"https:\/\/centralmedia.rs\/wp-content\/uploads\/2025\/01\/sveti-sava-hilandat5-1024x681.jpg\" alt=\"\" class=\"wp-image-41328\" srcset=\"https:\/\/centralmedia.rs\/wp-content\/uploads\/2025\/01\/sveti-sava-hilandat5-1024x681.jpg 1024w, https:\/\/centralmedia.rs\/wp-content\/uploads\/2025\/01\/sveti-sava-hilandat5-300x199.jpg 300w, https:\/\/centralmedia.rs\/wp-content\/uploads\/2025\/01\/sveti-sava-hilandat5-768x510.jpg 768w, https:\/\/centralmedia.rs\/wp-content\/uploads\/2025\/01\/sveti-sava-hilandat5-600x400.jpg 600w, https:\/\/centralmedia.rs\/wp-content\/uploads\/2025\/01\/sveti-sava-hilandat5.jpg 1440w\" sizes=\"(max-width: 1024px) 100vw, 1024px\" \/><\/figure>\n\n\n\n<figure class=\"wp-block-image size-large\"><img loading=\"lazy\" decoding=\"async\" width=\"1024\" height=\"681\" data-id=\"41329\" src=\"https:\/\/centralmedia.rs\/wp-content\/uploads\/2025\/01\/sveti-sava-hilandat6-1024x681.jpg\" alt=\"\" class=\"wp-image-41329\" srcset=\"https:\/\/centralmedia.rs\/wp-content\/uploads\/2025\/01\/sveti-sava-hilandat6-1024x681.jpg 1024w, https:\/\/centralmedia.rs\/wp-content\/uploads\/2025\/01\/sveti-sava-hilandat6-300x199.jpg 300w, https:\/\/centralmedia.rs\/wp-content\/uploads\/2025\/01\/sveti-sava-hilandat6-768x510.jpg 768w, https:\/\/centralmedia.rs\/wp-content\/uploads\/2025\/01\/sveti-sava-hilandat6-600x400.jpg 600w, https:\/\/centralmedia.rs\/wp-content\/uploads\/2025\/01\/sveti-sava-hilandat6.jpg 1440w\" sizes=\"(max-width: 1024px) 100vw, 1024px\" \/><\/figure>\n\n\n\n<figure class=\"wp-block-image size-large\"><img loading=\"lazy\" decoding=\"async\" width=\"1024\" height=\"681\" data-id=\"41326\" src=\"https:\/\/centralmedia.rs\/wp-content\/uploads\/2025\/01\/sveti-sava-hilandat7-1024x681.jpg\" alt=\"\" class=\"wp-image-41326\" srcset=\"https:\/\/centralmedia.rs\/wp-content\/uploads\/2025\/01\/sveti-sava-hilandat7-1024x681.jpg 1024w, https:\/\/centralmedia.rs\/wp-content\/uploads\/2025\/01\/sveti-sava-hilandat7-300x199.jpg 300w, https:\/\/centralmedia.rs\/wp-content\/uploads\/2025\/01\/sveti-sava-hilandat7-768x510.jpg 768w, https:\/\/centralmedia.rs\/wp-content\/uploads\/2025\/01\/sveti-sava-hilandat7-600x400.jpg 600w, https:\/\/centralmedia.rs\/wp-content\/uploads\/2025\/01\/sveti-sava-hilandat7.jpg 1440w\" sizes=\"(max-width: 1024px) 100vw, 1024px\" \/><\/figure>\n<\/figure>\n\n\n\n<p>Iguman manastira Grigorijata, Visokoprepodobni arhimandrit Hristofor, bio je glavni gost i na\u010dalstvovao je sveno\u0107nim bdenijem i Svetom Liturgijom.<\/p>\n\n\n\n<p>Panigiru su prisustvovali i monasi iz nekoliko svetogorskih obitelji, kao i mno\u0161tvo poklonika iz Srbije i drugih zemalja.<\/p>\n\n\n\n<p>Lepoti bogoslu\u017eenja doprineli su pojci iz manastira Grigorijata koji su pojali za desnom pevnicom, kao i hilandarski monasi i pojci hora \u201dSveti Simeon Miroto\u010divi\u201d za levom.&nbsp;<\/p>\n\n\n\n<p>Kititorske slave manastira Grigorijata i Hilandara se odnedavno zajedni\u010dki proslavljaju. Tu praksu je ustanovio bla\u017eenopo\u010div\u0161i iguman grigorijatski Georgije (Kapsanis), koji je sa bratstvom manastira Hilandara negovao veoma bliske odnose. Iguman Hilandara na praznik Prepodobnog Grigorija Gornja\u010dkog, ktitora manastira Grigorijata, pose\u0107uje ovu atonsku svetinju, dok iguman grigorijatski dolazi na praznik Svetog Save Srpskog.<\/p>\n\n\n\n<p>Nakon Svete Liturgije uprili\u010dena je prazni\u010dna trpeza za sve goste.<\/p>\n\n\n\n<p>Foto: monah Milutin Hilandarac<\/p>\n","protected":false},"excerpt":{"rendered":"<p>Sveta carska srpska lavra Hilandar sve\u010dano i molitveno je proslavila svog ktitora, Svetog Savu, Arhiepiskopa srpskog. Iguman manastira Grigorijata, Visokoprepodobni arhimandrit Hristofor, bio je glavni &hellip; <\/p>\n","protected":false},"author":2,"featured_media":41323,"comment_status":"closed","ping_status":"open","sticky":false,"template":"","format":"standard","meta":{"footnotes":""},"categories":[14,12],"tags":[150,2596],"_links":{"self":[{"href":"https:\/\/centralmedia.rs\/index.php\/wp-json\/wp\/v2\/posts\/41322"}],"collection":[{"href":"https:\/\/centralmedia.rs\/index.php\/wp-json\/wp\/v2\/posts"}],"about":[{"href":"https:\/\/centralmedia.rs\/index.php\/wp-json\/wp\/v2\/types\/post"}],"author":[{"embeddable":true,"href":"https:\/\/centralmedia.rs\/index.php\/wp-json\/wp\/v2\/users\/2"}],"replies":[{"embeddable":true,"href":"https:\/\/centralmedia.rs\/index.php\/wp-json\/wp\/v2\/comments?post=41322"}],"version-history":[{"count":1,"href":"https:\/\/centralmedia.rs\/index.php\/wp-json\/wp\/v2\/posts\/41322\/revisions"}],"predecessor-version":[{"id":41330,"href":"https:\/\/centralmedia.rs\/index.php\/wp-json\/wp\/v2\/posts\/41322\/revisions\/41330"}],"wp:featuredmedia":[{"embeddable":true,"href":"https:\/\/centralmedia.rs\/index.php\/wp-json\/wp\/v2\/media\/41323"}],"wp:attachment":[{"href":"https:\/\/centralmedia.rs\/index.php\/wp-json\/wp\/v2\/media?parent=41322"}],"wp:term":[{"taxonomy":"category","embeddable":true,"href":"https:\/\/centralmedia.rs\/index.php\/wp-json\/wp\/v2\/categories?post=41322"},{"taxonomy":"post_tag","embeddable":true,"href":"https:\/\/centralmedia.rs\/index.php\/wp-json\/wp\/v2\/tags?post=41322"}],"curies":[{"name":"wp","href":"https:\/\/api.w.org\/{rel}","templated":true}]}}