{"id":41398,"date":"2025-01-29T19:45:23","date_gmt":"2025-01-29T18:45:23","guid":{"rendered":"https:\/\/centralmedia.rs\/?p=41398"},"modified":"2025-02-13T09:25:22","modified_gmt":"2025-02-13T08:25:22","slug":"podrska-opstine-skoli-u-svilajncu","status":"publish","type":"post","link":"https:\/\/centralmedia.rs\/index.php\/2025\/01\/29\/podrska-opstine-skoli-u-svilajncu\/","title":{"rendered":"PODR\u0160KA OP\u0160TINE \u00a0\u0160KOLI U SVILAJNCU"},"content":{"rendered":"\n<p>Predsednik op\u0161tine Svilajnac Predrag Milanovi\u0107 uru\u010dio je novo vozilo Osnovnoj \u0161koli \u201eJovan Jovanovi\u0107 Zmaj\u201c Svilajnac, koje \u0107e slu\u017eiti za prevoz u\u017eine do svake seoske \u0161kole, kao i za ostale potrebe \u0161kole i u\u010denika.<\/p>\n\n\n\n<figure class=\"wp-block-gallery has-nested-images columns-default is-cropped wp-block-gallery-1 is-layout-flex wp-block-gallery-is-layout-flex\">\n<figure class=\"wp-block-image size-large\"><img loading=\"lazy\" decoding=\"async\" width=\"1024\" height=\"653\" data-id=\"41400\" src=\"https:\/\/centralmedia.rs\/wp-content\/uploads\/2025\/01\/SKOLA-2-1024x653.png\" alt=\"\" class=\"wp-image-41400\" srcset=\"https:\/\/centralmedia.rs\/wp-content\/uploads\/2025\/01\/SKOLA-2-1024x653.png 1024w, https:\/\/centralmedia.rs\/wp-content\/uploads\/2025\/01\/SKOLA-2-300x191.png 300w, https:\/\/centralmedia.rs\/wp-content\/uploads\/2025\/01\/SKOLA-2-768x490.png 768w, https:\/\/centralmedia.rs\/wp-content\/uploads\/2025\/01\/SKOLA-2.png 1343w\" sizes=\"(max-width: 1024px) 100vw, 1024px\" \/><\/figure>\n\n\n\n<figure class=\"wp-block-image size-large\"><img loading=\"lazy\" decoding=\"async\" width=\"1024\" height=\"620\" data-id=\"41401\" src=\"https:\/\/centralmedia.rs\/wp-content\/uploads\/2025\/01\/SKOLA-3-1024x620.png\" alt=\"\" class=\"wp-image-41401\" srcset=\"https:\/\/centralmedia.rs\/wp-content\/uploads\/2025\/01\/SKOLA-3-1024x620.png 1024w, https:\/\/centralmedia.rs\/wp-content\/uploads\/2025\/01\/SKOLA-3-300x182.png 300w, https:\/\/centralmedia.rs\/wp-content\/uploads\/2025\/01\/SKOLA-3-768x465.png 768w, https:\/\/centralmedia.rs\/wp-content\/uploads\/2025\/01\/SKOLA-3.png 1454w\" sizes=\"(max-width: 1024px) 100vw, 1024px\" \/><\/figure>\n<\/figure>\n\n\n\n<p>Milanovi\u0107 je istakao da \u0107e iste obroke imati i deca u svakom selu, kao i u gradu:\u201eOva \u0161kola ima najopremljeniju kuhinju i jo\u0161 pro\u0161le godine smo se dogovorili da opredelimo dodatna sredstva i ljude kako bi ovo bila centralna \u0111a\u010dka kuhinja za sve osnovce na teritoriji op\u0161tine Svilajnac. Ovde se od sad sprema u\u017eina za sve osnovce, koja \u0107e biti dostavljena svakoj \u0161koli u na\u0161oj op\u0161tini\u201c \u2013 rekao je Milanovi\u0107 i jo\u0161 jednom istakao da je Op\u0161tina od ove godine uvela meru besplatne u\u017eine za osnovce \u010diji roditelji imaju ukupna primanja do 120.000 dinara.<\/p>\n\n\n\n<p>\u201eTako\u0111e, roditelji sa ukupnim primanjima do 120.000 dinara imaju i pravo na besplatni vrti\u0107. U Osnovnoj \u0161koli smo sproveli i jednu veliku nabavku sredstava za \u010di\u0161\u0107enje, podigli higijenu na jedan vi\u0161i nivo, nabavili nove ma\u0161ine za \u010di\u0161\u0107enje i mislim da su na\u0161e \u0161kole za primer u Srbiji kako su organizovane, opremljene i kako rade\u201c \u2013 istakao je Predrag Milanovi\u0107.<\/p>\n","protected":false},"excerpt":{"rendered":"<p>Predsednik op\u0161tine Svilajnac Predrag Milanovi\u0107 uru\u010dio je novo vozilo Osnovnoj \u0161koli \u201eJovan Jovanovi\u0107 Zmaj\u201c Svilajnac, koje \u0107e slu\u017eiti za prevoz u\u017eine do svake seoske \u0161kole, &hellip; <\/p>\n","protected":false},"author":2,"featured_media":41399,"comment_status":"closed","ping_status":"open","sticky":false,"template":"","format":"standard","meta":{"footnotes":""},"categories":[14,2,12],"tags":[500,38],"_links":{"self":[{"href":"https:\/\/centralmedia.rs\/index.php\/wp-json\/wp\/v2\/posts\/41398"}],"collection":[{"href":"https:\/\/centralmedia.rs\/index.php\/wp-json\/wp\/v2\/posts"}],"about":[{"href":"https:\/\/centralmedia.rs\/index.php\/wp-json\/wp\/v2\/types\/post"}],"author":[{"embeddable":true,"href":"https:\/\/centralmedia.rs\/index.php\/wp-json\/wp\/v2\/users\/2"}],"replies":[{"embeddable":true,"href":"https:\/\/centralmedia.rs\/index.php\/wp-json\/wp\/v2\/comments?post=41398"}],"version-history":[{"count":1,"href":"https:\/\/centralmedia.rs\/index.php\/wp-json\/wp\/v2\/posts\/41398\/revisions"}],"predecessor-version":[{"id":41402,"href":"https:\/\/centralmedia.rs\/index.php\/wp-json\/wp\/v2\/posts\/41398\/revisions\/41402"}],"wp:featuredmedia":[{"embeddable":true,"href":"https:\/\/centralmedia.rs\/index.php\/wp-json\/wp\/v2\/media\/41399"}],"wp:attachment":[{"href":"https:\/\/centralmedia.rs\/index.php\/wp-json\/wp\/v2\/media?parent=41398"}],"wp:term":[{"taxonomy":"category","embeddable":true,"href":"https:\/\/centralmedia.rs\/index.php\/wp-json\/wp\/v2\/categories?post=41398"},{"taxonomy":"post_tag","embeddable":true,"href":"https:\/\/centralmedia.rs\/index.php\/wp-json\/wp\/v2\/tags?post=41398"}],"curies":[{"name":"wp","href":"https:\/\/api.w.org\/{rel}","templated":true}]}}