{"id":41414,"date":"2025-01-31T08:49:44","date_gmt":"2025-01-31T07:49:44","guid":{"rendered":"https:\/\/centralmedia.rs\/?p=41414"},"modified":"2025-01-31T08:49:44","modified_gmt":"2025-01-31T07:49:44","slug":"opozicija-prelazna-vlada-eu-sankcije-srbiji","status":"publish","type":"post","link":"https:\/\/centralmedia.rs\/index.php\/2025\/01\/31\/opozicija-prelazna-vlada-eu-sankcije-srbiji\/","title":{"rendered":"OPOZICIJA: PRELAZNA VLADA + EU SANKCIJE SRBIJI"},"content":{"rendered":"\n<p>Kako pi\u0161u beoradski mediji, istaknuti opozicioni lideri i pojedinci u Srbiji proteklih dana zatra\u017eili su od EU uvo\u0111enje sankcija gra\u0111anima Srbije i dali predlog za formiranje prelazne vlade&nbsp;&nbsp;<\/p>\n\n\n\n<p>Kako navode ti mediji me\u0111u potpisnicima pisma zvani\u010dnicima EU su&nbsp; Dinko Gruhonji\u0107, Ana Lali\u0107, Aida \u0106orovi\u0107, Du\u0161an Teodorovi\u0107, Biljana Stojkovi\u0107, Du\u0161an Petri\u010di\u0107, Dubravka Stojanovi\u0107, Marko \u0160eli\u0107 Mar\u010delo\u2026 Pisam su poslali \u201epredsednici Evropske komisije, Ursuli fon der Lajen, Evropskoj komesarki za pro\u0161irenje EU, Marti Kos, Ambasadoru Evropske unije u Srbiji, Emanueleu \u017diofreu, Izvestiocu Evropskog parlamenta za Srbiju, Toninu Piculi\u201c.<\/p>\n\n\n\n<p>Zahtevali su da se Srbiji zavedu sankcije jer oni ,,ne ose\u0107aju slobodu u Srbiji, nema demokratije \u2026 i za to krive aktuelnu vlast, ali i EU koja je podr\u017eava. Predla\u017eu da EU prestane sa tom podr\u0161kom i zahtevaju da EU uvede sankcije Srbiji.<\/p>\n\n\n\n<p>Jedan od predloga je uskra\u0107ivanje sredstava iz EU fondova i&nbsp; tr\u017ei\u0161ta za Srbiju. To bi dovelo do ka\u017enjavanja gra\u0111ana koji podr\u017eavaju aktuelnu vlast.<\/p>\n\n\n\n<p>Dinko Gruhonji\u0107 je gostovao na tri televizije iz regiona. Govorio je za bosansku dr\u017eavnu televiziju, crnogorsku Antenu M i Al D\u017eaziru.<\/p>\n\n\n\n<p>&#8211; Uspeli smo da prikupimo za kratak rok \u010dak 5.000 potpisa univerzitetskih profesora i mo\u017eda je to mesto na kome se treba tra\u017eiti budu\u0107a prelazna vlada. Da li postoje neke nove politi\u010dke snage? Da. I ja sam siguran da \u0107e se te nove snage konsolidovati. Mogao bih navesti primere nekih lokalnih snaga, koje ve\u0107 postoje, kao \u0161to su Goran Je\u0161i\u0107, koji se vratio u politiku. Vu\u010di\u0107 mo\u017ee jedino da se dr\u017ei Ustava ili da polako razmi\u0161lja da pakuje politi\u010dke, a mo\u017eda i neke druge kofere iz Srbije &#8211; rekao je&nbsp; Gruhonji\u0107.<\/p>\n","protected":false},"excerpt":{"rendered":"<p>Kako pi\u0161u beoradski mediji, istaknuti opozicioni lideri i pojedinci u Srbiji proteklih dana zatra\u017eili su od EU uvo\u0111enje sankcija gra\u0111anima Srbije i dali predlog za &hellip; <\/p>\n","protected":false},"author":2,"featured_media":41415,"comment_status":"closed","ping_status":"open","sticky":false,"template":"","format":"standard","meta":{"footnotes":""},"categories":[13,12],"tags":[225,532,142,1112],"_links":{"self":[{"href":"https:\/\/centralmedia.rs\/index.php\/wp-json\/wp\/v2\/posts\/41414"}],"collection":[{"href":"https:\/\/centralmedia.rs\/index.php\/wp-json\/wp\/v2\/posts"}],"about":[{"href":"https:\/\/centralmedia.rs\/index.php\/wp-json\/wp\/v2\/types\/post"}],"author":[{"embeddable":true,"href":"https:\/\/centralmedia.rs\/index.php\/wp-json\/wp\/v2\/users\/2"}],"replies":[{"embeddable":true,"href":"https:\/\/centralmedia.rs\/index.php\/wp-json\/wp\/v2\/comments?post=41414"}],"version-history":[{"count":1,"href":"https:\/\/centralmedia.rs\/index.php\/wp-json\/wp\/v2\/posts\/41414\/revisions"}],"predecessor-version":[{"id":41416,"href":"https:\/\/centralmedia.rs\/index.php\/wp-json\/wp\/v2\/posts\/41414\/revisions\/41416"}],"wp:featuredmedia":[{"embeddable":true,"href":"https:\/\/centralmedia.rs\/index.php\/wp-json\/wp\/v2\/media\/41415"}],"wp:attachment":[{"href":"https:\/\/centralmedia.rs\/index.php\/wp-json\/wp\/v2\/media?parent=41414"}],"wp:term":[{"taxonomy":"category","embeddable":true,"href":"https:\/\/centralmedia.rs\/index.php\/wp-json\/wp\/v2\/categories?post=41414"},{"taxonomy":"post_tag","embeddable":true,"href":"https:\/\/centralmedia.rs\/index.php\/wp-json\/wp\/v2\/tags?post=41414"}],"curies":[{"name":"wp","href":"https:\/\/api.w.org\/{rel}","templated":true}]}}