{"id":41423,"date":"2025-01-31T09:10:42","date_gmt":"2025-01-31T08:10:42","guid":{"rendered":"https:\/\/centralmedia.rs\/?p=41423"},"modified":"2025-01-31T09:10:43","modified_gmt":"2025-01-31T08:10:43","slug":"sindikati-pocetna-plata-prosvetara-jednaka-prosecnoj-zaradi-u-srbiji","status":"publish","type":"post","link":"https:\/\/centralmedia.rs\/index.php\/2025\/01\/31\/sindikati-pocetna-plata-prosvetara-jednaka-prosecnoj-zaradi-u-srbiji\/","title":{"rendered":"SINDIKATI: PO\u010cETNA PLATA PROSVETARA JEDNAKA PROSE\u010cNOJ ZARADI U SRBIJI"},"content":{"rendered":"\n<p>Ministarka prosvete prof. dr Slavica \u0110uki\u0107 Dejanovi\u0107 potpisala je danas sa predstavnicima reprezentativnih prosvetnih sindikata Poseban kolektivni ugovor za zaposlene u osnovnim i srednjim \u0161kolama i domovima u\u010denika, koji \u0107e va\u017eiti do marta 2028. godine.Ona je istakla da je protokolom regulisan mehanizam za uskla\u0111ivanje po\u010detnih plata nastavnika u \u0161kolama sa rastom prose\u010dne zarade u Republici Srbiji, ali i druga pitanja od zna\u010daja za bolji polo\u017eaj prosvetnih radnika.<\/p>\n\n\n\n<p>Sr\u0111an Slovi\u0107 ispred Ujedinjenih granskih sindikata prosvetnih radnika \u201eNezavisnost\u201c&nbsp; istakao je da Kolektivni ugovor koji je&nbsp; potpisan sadr\u017ei odredbe da po\u010detna plata u prosveti bude jednaka prose\u010dnoj republi\u010dkoj plati, \u0161to je bio glavni zahtev reprezentativnih&nbsp; sindikata.Predsednik Unije sindikata prosvetnih radnika Srbije Dobrivoje Marjanovi\u0107 podsetio je da su reprezentativni sindikat 14. januara stavili moratorijum na \u0161trajk, jer su uvideli da Vlada \u017eeli da radi na pobolj\u0161anju uslova prosvetara.On je ocenio da je ovo najbolji Posebni kolektivni ugovor koji je do sada potpisan.Predsednica Sindikata obrazovanja Srbije Valentina Ili\u0107 rekla je da su prosvetni radnici ovim Kolektivnim ugovorom dobili mnoge benefite, pored ve\u0107 postoje\u0107ih u dosada\u0161njem Kolektivnom ugovoru.<\/p>\n\n\n\n<p><strong>Nezavisni sindikat prosvetnih radnika Srbije, koji nije reprezenatativan, ocenio je da su poseban kolektivni ugovor re\u017eimski sindikati sa svojim politi\u010dkim mentorima iz vladaju\u0107e koalicije i da oni nemaju legitimitet za taj posao. <\/strong>Taj sindikat je najavio da \u0107e pokrenuti adekvatne postupke pred sudovima, a po potrebi i pred me\u0111unarodnim institucijama, u cilju suspenzije potpisanog akta.<\/p>\n","protected":false},"excerpt":{"rendered":"<p>Ministarka prosvete prof. dr Slavica \u0110uki\u0107 Dejanovi\u0107 potpisala je danas sa predstavnicima reprezentativnih prosvetnih sindikata Poseban kolektivni ugovor za zaposlene u osnovnim i srednjim \u0161kolama &hellip; <\/p>\n","protected":false},"author":2,"featured_media":41424,"comment_status":"closed","ping_status":"open","sticky":false,"template":"","format":"standard","meta":{"footnotes":""},"categories":[14,12],"tags":[2782,508],"_links":{"self":[{"href":"https:\/\/centralmedia.rs\/index.php\/wp-json\/wp\/v2\/posts\/41423"}],"collection":[{"href":"https:\/\/centralmedia.rs\/index.php\/wp-json\/wp\/v2\/posts"}],"about":[{"href":"https:\/\/centralmedia.rs\/index.php\/wp-json\/wp\/v2\/types\/post"}],"author":[{"embeddable":true,"href":"https:\/\/centralmedia.rs\/index.php\/wp-json\/wp\/v2\/users\/2"}],"replies":[{"embeddable":true,"href":"https:\/\/centralmedia.rs\/index.php\/wp-json\/wp\/v2\/comments?post=41423"}],"version-history":[{"count":1,"href":"https:\/\/centralmedia.rs\/index.php\/wp-json\/wp\/v2\/posts\/41423\/revisions"}],"predecessor-version":[{"id":41425,"href":"https:\/\/centralmedia.rs\/index.php\/wp-json\/wp\/v2\/posts\/41423\/revisions\/41425"}],"wp:featuredmedia":[{"embeddable":true,"href":"https:\/\/centralmedia.rs\/index.php\/wp-json\/wp\/v2\/media\/41424"}],"wp:attachment":[{"href":"https:\/\/centralmedia.rs\/index.php\/wp-json\/wp\/v2\/media?parent=41423"}],"wp:term":[{"taxonomy":"category","embeddable":true,"href":"https:\/\/centralmedia.rs\/index.php\/wp-json\/wp\/v2\/categories?post=41423"},{"taxonomy":"post_tag","embeddable":true,"href":"https:\/\/centralmedia.rs\/index.php\/wp-json\/wp\/v2\/tags?post=41423"}],"curies":[{"name":"wp","href":"https:\/\/api.w.org\/{rel}","templated":true}]}}