{"id":41426,"date":"2025-01-31T17:10:02","date_gmt":"2025-01-31T16:10:02","guid":{"rendered":"https:\/\/centralmedia.rs\/?p=41426"},"modified":"2025-02-13T09:24:39","modified_gmt":"2025-02-13T08:24:39","slug":"protesti","status":"publish","type":"post","link":"https:\/\/centralmedia.rs\/index.php\/2025\/01\/31\/protesti\/","title":{"rendered":"PROTESTI PETKOM"},"content":{"rendered":"\n<p>Danas su odr\u017eani protesti u Svilajncu, Jagodini, \u0106upriji i Rekovcu.<\/p>\n\n\n\n<figure class=\"wp-block-gallery has-nested-images columns-default is-cropped wp-block-gallery-1 is-layout-flex wp-block-gallery-is-layout-flex\">\n<figure class=\"wp-block-image size-large\"><img loading=\"lazy\" decoding=\"async\" width=\"1024\" height=\"498\" data-id=\"41430\" src=\"https:\/\/centralmedia.rs\/wp-content\/uploads\/2025\/01\/PROTEST-JAGODINA1-1024x498.jpg\" alt=\"\" class=\"wp-image-41430\" srcset=\"https:\/\/centralmedia.rs\/wp-content\/uploads\/2025\/01\/PROTEST-JAGODINA1-1024x498.jpg 1024w, https:\/\/centralmedia.rs\/wp-content\/uploads\/2025\/01\/PROTEST-JAGODINA1-300x146.jpg 300w, https:\/\/centralmedia.rs\/wp-content\/uploads\/2025\/01\/PROTEST-JAGODINA1-768x373.jpg 768w, https:\/\/centralmedia.rs\/wp-content\/uploads\/2025\/01\/PROTEST-JAGODINA1-1536x747.jpg 1536w, https:\/\/centralmedia.rs\/wp-content\/uploads\/2025\/01\/PROTEST-JAGODINA1.jpg 1800w\" sizes=\"(max-width: 1024px) 100vw, 1024px\" \/><\/figure>\n\n\n\n<figure class=\"wp-block-image size-large\"><img loading=\"lazy\" decoding=\"async\" width=\"1024\" height=\"498\" data-id=\"41429\" src=\"https:\/\/centralmedia.rs\/wp-content\/uploads\/2025\/01\/PROTEST-JAGODINA2-1024x498.jpg\" alt=\"\" class=\"wp-image-41429\" srcset=\"https:\/\/centralmedia.rs\/wp-content\/uploads\/2025\/01\/PROTEST-JAGODINA2-1024x498.jpg 1024w, https:\/\/centralmedia.rs\/wp-content\/uploads\/2025\/01\/PROTEST-JAGODINA2-300x146.jpg 300w, https:\/\/centralmedia.rs\/wp-content\/uploads\/2025\/01\/PROTEST-JAGODINA2-768x373.jpg 768w, https:\/\/centralmedia.rs\/wp-content\/uploads\/2025\/01\/PROTEST-JAGODINA2-1536x747.jpg 1536w, https:\/\/centralmedia.rs\/wp-content\/uploads\/2025\/01\/PROTEST-JAGODINA2.jpg 1800w\" sizes=\"(max-width: 1024px) 100vw, 1024px\" \/><\/figure>\n\n\n\n<figure class=\"wp-block-image size-large\"><img loading=\"lazy\" decoding=\"async\" width=\"1024\" height=\"498\" data-id=\"41433\" src=\"https:\/\/centralmedia.rs\/wp-content\/uploads\/2025\/01\/PROTEST-JAODINA-1024x498.jpg\" alt=\"\" class=\"wp-image-41433\" srcset=\"https:\/\/centralmedia.rs\/wp-content\/uploads\/2025\/01\/PROTEST-JAODINA-1024x498.jpg 1024w, https:\/\/centralmedia.rs\/wp-content\/uploads\/2025\/01\/PROTEST-JAODINA-300x146.jpg 300w, https:\/\/centralmedia.rs\/wp-content\/uploads\/2025\/01\/PROTEST-JAODINA-768x373.jpg 768w, https:\/\/centralmedia.rs\/wp-content\/uploads\/2025\/01\/PROTEST-JAODINA-1536x747.jpg 1536w, https:\/\/centralmedia.rs\/wp-content\/uploads\/2025\/01\/PROTEST-JAODINA.jpg 1800w\" sizes=\"(max-width: 1024px) 100vw, 1024px\" \/><\/figure>\n\n\n\n<figure class=\"wp-block-image size-large\"><img loading=\"lazy\" decoding=\"async\" width=\"1024\" height=\"843\" data-id=\"41428\" src=\"https:\/\/centralmedia.rs\/wp-content\/uploads\/2025\/01\/PROTEST-SVILAJNAC-1024x843.jpg\" alt=\"\" class=\"wp-image-41428\" srcset=\"https:\/\/centralmedia.rs\/wp-content\/uploads\/2025\/01\/PROTEST-SVILAJNAC-1024x843.jpg 1024w, https:\/\/centralmedia.rs\/wp-content\/uploads\/2025\/01\/PROTEST-SVILAJNAC-300x247.jpg 300w, https:\/\/centralmedia.rs\/wp-content\/uploads\/2025\/01\/PROTEST-SVILAJNAC-768x632.jpg 768w, https:\/\/centralmedia.rs\/wp-content\/uploads\/2025\/01\/PROTEST-SVILAJNAC.jpg 1072w\" sizes=\"(max-width: 1024px) 100vw, 1024px\" \/><\/figure>\n\n\n\n<figure class=\"wp-block-image size-large\"><img loading=\"lazy\" decoding=\"async\" width=\"1024\" height=\"693\" data-id=\"41432\" src=\"https:\/\/centralmedia.rs\/wp-content\/uploads\/2025\/01\/PROTEST-SVILAJNAC1-1024x693.jpg\" alt=\"\" class=\"wp-image-41432\" srcset=\"https:\/\/centralmedia.rs\/wp-content\/uploads\/2025\/01\/PROTEST-SVILAJNAC1-1024x693.jpg 1024w, https:\/\/centralmedia.rs\/wp-content\/uploads\/2025\/01\/PROTEST-SVILAJNAC1-300x203.jpg 300w, https:\/\/centralmedia.rs\/wp-content\/uploads\/2025\/01\/PROTEST-SVILAJNAC1-768x520.jpg 768w, https:\/\/centralmedia.rs\/wp-content\/uploads\/2025\/01\/PROTEST-SVILAJNAC1.jpg 1061w\" sizes=\"(max-width: 1024px) 100vw, 1024px\" \/><\/figure>\n\n\n\n<figure class=\"wp-block-image size-large\"><img loading=\"lazy\" decoding=\"async\" width=\"1024\" height=\"712\" data-id=\"41431\" src=\"https:\/\/centralmedia.rs\/wp-content\/uploads\/2025\/01\/PROTEST-SVILAJNAC2-1024x712.jpg\" alt=\"\" class=\"wp-image-41431\" srcset=\"https:\/\/centralmedia.rs\/wp-content\/uploads\/2025\/01\/PROTEST-SVILAJNAC2-1024x712.jpg 1024w, https:\/\/centralmedia.rs\/wp-content\/uploads\/2025\/01\/PROTEST-SVILAJNAC2-300x209.jpg 300w, https:\/\/centralmedia.rs\/wp-content\/uploads\/2025\/01\/PROTEST-SVILAJNAC2-768x534.jpg 768w, https:\/\/centralmedia.rs\/wp-content\/uploads\/2025\/01\/PROTEST-SVILAJNAC2.jpg 1080w\" sizes=\"(max-width: 1024px) 100vw, 1024px\" \/><\/figure>\n\n\n\n<figure class=\"wp-block-image size-large\"><img loading=\"lazy\" decoding=\"async\" width=\"1024\" height=\"781\" data-id=\"41434\" src=\"https:\/\/centralmedia.rs\/wp-content\/uploads\/2025\/01\/PROTEST-SVILAJNAC3-1024x781.jpg\" alt=\"\" class=\"wp-image-41434\" srcset=\"https:\/\/centralmedia.rs\/wp-content\/uploads\/2025\/01\/PROTEST-SVILAJNAC3-1024x781.jpg 1024w, https:\/\/centralmedia.rs\/wp-content\/uploads\/2025\/01\/PROTEST-SVILAJNAC3-300x229.jpg 300w, https:\/\/centralmedia.rs\/wp-content\/uploads\/2025\/01\/PROTEST-SVILAJNAC3-768x586.jpg 768w, https:\/\/centralmedia.rs\/wp-content\/uploads\/2025\/01\/PROTEST-SVILAJNAC3.jpg 1068w\" sizes=\"(max-width: 1024px) 100vw, 1024px\" \/><\/figure>\n\n\n\n<figure class=\"wp-block-image size-large\"><img loading=\"lazy\" decoding=\"async\" width=\"1024\" height=\"801\" data-id=\"41436\" src=\"https:\/\/centralmedia.rs\/wp-content\/uploads\/2025\/01\/PROTEST-SVILAJNAC4-1024x801.jpg\" alt=\"\" class=\"wp-image-41436\" srcset=\"https:\/\/centralmedia.rs\/wp-content\/uploads\/2025\/01\/PROTEST-SVILAJNAC4-1024x801.jpg 1024w, https:\/\/centralmedia.rs\/wp-content\/uploads\/2025\/01\/PROTEST-SVILAJNAC4-300x235.jpg 300w, https:\/\/centralmedia.rs\/wp-content\/uploads\/2025\/01\/PROTEST-SVILAJNAC4-768x601.jpg 768w, https:\/\/centralmedia.rs\/wp-content\/uploads\/2025\/01\/PROTEST-SVILAJNAC4.jpg 1080w\" sizes=\"(max-width: 1024px) 100vw, 1024px\" \/><\/figure>\n\n\n\n<figure class=\"wp-block-image size-large\"><img loading=\"lazy\" decoding=\"async\" width=\"1024\" height=\"856\" data-id=\"41435\" src=\"https:\/\/centralmedia.rs\/wp-content\/uploads\/2025\/01\/PROTEST-SVILAJNAC5-1024x856.jpg\" alt=\"\" class=\"wp-image-41435\" srcset=\"https:\/\/centralmedia.rs\/wp-content\/uploads\/2025\/01\/PROTEST-SVILAJNAC5-1024x856.jpg 1024w, https:\/\/centralmedia.rs\/wp-content\/uploads\/2025\/01\/PROTEST-SVILAJNAC5-300x251.jpg 300w, https:\/\/centralmedia.rs\/wp-content\/uploads\/2025\/01\/PROTEST-SVILAJNAC5-768x642.jpg 768w, https:\/\/centralmedia.rs\/wp-content\/uploads\/2025\/01\/PROTEST-SVILAJNAC5.jpg 1080w\" sizes=\"(max-width: 1024px) 100vw, 1024px\" \/><\/figure>\n\n\n\n<figure class=\"wp-block-image size-large\"><img loading=\"lazy\" decoding=\"async\" width=\"1024\" height=\"739\" data-id=\"41437\" src=\"https:\/\/centralmedia.rs\/wp-content\/uploads\/2025\/01\/PROTEST-SVILAJNAC6-1024x739.jpg\" alt=\"\" class=\"wp-image-41437\" srcset=\"https:\/\/centralmedia.rs\/wp-content\/uploads\/2025\/01\/PROTEST-SVILAJNAC6-1024x739.jpg 1024w, https:\/\/centralmedia.rs\/wp-content\/uploads\/2025\/01\/PROTEST-SVILAJNAC6-300x216.jpg 300w, https:\/\/centralmedia.rs\/wp-content\/uploads\/2025\/01\/PROTEST-SVILAJNAC6-768x554.jpg 768w, https:\/\/centralmedia.rs\/wp-content\/uploads\/2025\/01\/PROTEST-SVILAJNAC6.jpg 1056w\" sizes=\"(max-width: 1024px) 100vw, 1024px\" \/><\/figure>\n<\/figure>\n\n\n\n<p> Upu\u0107ena je podr\u0161ka zahtevima studenata i odata po\u0161ta stradalima u Novom Sadu.<\/p>\n","protected":false},"excerpt":{"rendered":"<p>Danas su odr\u017eani protesti u Svilajncu, Jagodini, \u0106upriji i Rekovcu. Upu\u0107ena je podr\u0161ka zahtevima studenata i odata po\u0161ta stradalima u Novom Sadu.<\/p>\n","protected":false},"author":2,"featured_media":41427,"comment_status":"closed","ping_status":"open","sticky":false,"template":"","format":"standard","meta":{"footnotes":""},"categories":[1515,1514,1519],"tags":[523],"_links":{"self":[{"href":"https:\/\/centralmedia.rs\/index.php\/wp-json\/wp\/v2\/posts\/41426"}],"collection":[{"href":"https:\/\/centralmedia.rs\/index.php\/wp-json\/wp\/v2\/posts"}],"about":[{"href":"https:\/\/centralmedia.rs\/index.php\/wp-json\/wp\/v2\/types\/post"}],"author":[{"embeddable":true,"href":"https:\/\/centralmedia.rs\/index.php\/wp-json\/wp\/v2\/users\/2"}],"replies":[{"embeddable":true,"href":"https:\/\/centralmedia.rs\/index.php\/wp-json\/wp\/v2\/comments?post=41426"}],"version-history":[{"count":2,"href":"https:\/\/centralmedia.rs\/index.php\/wp-json\/wp\/v2\/posts\/41426\/revisions"}],"predecessor-version":[{"id":41439,"href":"https:\/\/centralmedia.rs\/index.php\/wp-json\/wp\/v2\/posts\/41426\/revisions\/41439"}],"wp:featuredmedia":[{"embeddable":true,"href":"https:\/\/centralmedia.rs\/index.php\/wp-json\/wp\/v2\/media\/41427"}],"wp:attachment":[{"href":"https:\/\/centralmedia.rs\/index.php\/wp-json\/wp\/v2\/media?parent=41426"}],"wp:term":[{"taxonomy":"category","embeddable":true,"href":"https:\/\/centralmedia.rs\/index.php\/wp-json\/wp\/v2\/categories?post=41426"},{"taxonomy":"post_tag","embeddable":true,"href":"https:\/\/centralmedia.rs\/index.php\/wp-json\/wp\/v2\/tags?post=41426"}],"curies":[{"name":"wp","href":"https:\/\/api.w.org\/{rel}","templated":true}]}}