{"id":41440,"date":"2025-01-31T17:40:35","date_gmt":"2025-01-31T16:40:35","guid":{"rendered":"https:\/\/centralmedia.rs\/?p=41440"},"modified":"2025-01-31T17:43:38","modified_gmt":"2025-01-31T16:43:38","slug":"srpski-studenti-nominovani-za-nobelovu-nagradu-za-mir-foto-cuprija","status":"publish","type":"post","link":"https:\/\/centralmedia.rs\/index.php\/2025\/01\/31\/srpski-studenti-nominovani-za-nobelovu-nagradu-za-mir-foto-cuprija\/","title":{"rendered":"SRPSKI STUDENTI NOMINOVANI ZA NOBELOVU NAGRADU ZA MIR \u2013 FOTO \u0106UPRIJA"},"content":{"rendered":"\n<p>Studenti iz Srbije zvani\u010dno su kandidati za Nobelovu nagradu za mir za 2025. godinu, objavio je danas pisac i dramaturg Sini\u0161a Kova\u010devi\u0107, koji je jedan od predlaga\u010da srpskih studenata za to priznanje.<\/p>\n\n\n\n<figure class=\"wp-block-gallery has-nested-images columns-default is-cropped wp-block-gallery-1 is-layout-flex wp-block-gallery-is-layout-flex\">\n<figure class=\"wp-block-image size-large\"><img loading=\"lazy\" decoding=\"async\" width=\"1024\" height=\"625\" data-id=\"41443\" src=\"https:\/\/centralmedia.rs\/wp-content\/uploads\/2025\/01\/protest-2-1024x625.png\" alt=\"\" class=\"wp-image-41443\" srcset=\"https:\/\/centralmedia.rs\/wp-content\/uploads\/2025\/01\/protest-2-1024x625.png 1024w, https:\/\/centralmedia.rs\/wp-content\/uploads\/2025\/01\/protest-2-300x183.png 300w, https:\/\/centralmedia.rs\/wp-content\/uploads\/2025\/01\/protest-2-768x469.png 768w, https:\/\/centralmedia.rs\/wp-content\/uploads\/2025\/01\/protest-2.png 1431w\" sizes=\"(max-width: 1024px) 100vw, 1024px\" \/><\/figure>\n\n\n\n<figure class=\"wp-block-image size-large\"><img loading=\"lazy\" decoding=\"async\" width=\"1024\" height=\"602\" data-id=\"41444\" src=\"https:\/\/centralmedia.rs\/wp-content\/uploads\/2025\/01\/protest-3-1024x602.png\" alt=\"\" class=\"wp-image-41444\" srcset=\"https:\/\/centralmedia.rs\/wp-content\/uploads\/2025\/01\/protest-3-1024x602.png 1024w, https:\/\/centralmedia.rs\/wp-content\/uploads\/2025\/01\/protest-3-300x176.png 300w, https:\/\/centralmedia.rs\/wp-content\/uploads\/2025\/01\/protest-3-768x451.png 768w, https:\/\/centralmedia.rs\/wp-content\/uploads\/2025\/01\/protest-3.png 1448w\" sizes=\"(max-width: 1024px) 100vw, 1024px\" \/><\/figure>\n\n\n\n<figure class=\"wp-block-image size-large\"><img loading=\"lazy\" decoding=\"async\" width=\"1024\" height=\"610\" data-id=\"41445\" src=\"https:\/\/centralmedia.rs\/wp-content\/uploads\/2025\/01\/protest-4-1024x610.png\" alt=\"\" class=\"wp-image-41445\" srcset=\"https:\/\/centralmedia.rs\/wp-content\/uploads\/2025\/01\/protest-4-1024x610.png 1024w, https:\/\/centralmedia.rs\/wp-content\/uploads\/2025\/01\/protest-4-300x179.png 300w, https:\/\/centralmedia.rs\/wp-content\/uploads\/2025\/01\/protest-4-768x458.png 768w, https:\/\/centralmedia.rs\/wp-content\/uploads\/2025\/01\/protest-4.png 1398w\" sizes=\"(max-width: 1024px) 100vw, 1024px\" \/><\/figure>\n<\/figure>\n\n\n\n<p>&#8220;Upravo je od Nobelovog komiteta stigla potvrda da je prihva\u0107ena kandidatura&#8221; srpskih studenata za Nobelovu nagradu za mir, naveo je Kova\u010devi\u0107 na dru\u0161tvenoj mre\u017ei Iks, dodaju\u0107i da je kandidaturu predao sa advokatkinjom Dijanom Stojkovi\u0107.<\/p>\n\n\n\n<p>Fotografije iiz \u0106uprije danas sa protesta<\/p>\n","protected":false},"excerpt":{"rendered":"<p>Studenti iz Srbije zvani\u010dno su kandidati za Nobelovu nagradu za mir za 2025. godinu, objavio je danas pisac i dramaturg Sini\u0161a Kova\u010devi\u0107, koji je jedan &hellip; <\/p>\n","protected":false},"author":2,"featured_media":41441,"comment_status":"closed","ping_status":"open","sticky":false,"template":"","format":"standard","meta":{"footnotes":""},"categories":[1515,14,1524,12],"tags":[6580,2084,6882],"_links":{"self":[{"href":"https:\/\/centralmedia.rs\/index.php\/wp-json\/wp\/v2\/posts\/41440"}],"collection":[{"href":"https:\/\/centralmedia.rs\/index.php\/wp-json\/wp\/v2\/posts"}],"about":[{"href":"https:\/\/centralmedia.rs\/index.php\/wp-json\/wp\/v2\/types\/post"}],"author":[{"embeddable":true,"href":"https:\/\/centralmedia.rs\/index.php\/wp-json\/wp\/v2\/users\/2"}],"replies":[{"embeddable":true,"href":"https:\/\/centralmedia.rs\/index.php\/wp-json\/wp\/v2\/comments?post=41440"}],"version-history":[{"count":2,"href":"https:\/\/centralmedia.rs\/index.php\/wp-json\/wp\/v2\/posts\/41440\/revisions"}],"predecessor-version":[{"id":41447,"href":"https:\/\/centralmedia.rs\/index.php\/wp-json\/wp\/v2\/posts\/41440\/revisions\/41447"}],"wp:featuredmedia":[{"embeddable":true,"href":"https:\/\/centralmedia.rs\/index.php\/wp-json\/wp\/v2\/media\/41441"}],"wp:attachment":[{"href":"https:\/\/centralmedia.rs\/index.php\/wp-json\/wp\/v2\/media?parent=41440"}],"wp:term":[{"taxonomy":"category","embeddable":true,"href":"https:\/\/centralmedia.rs\/index.php\/wp-json\/wp\/v2\/categories?post=41440"},{"taxonomy":"post_tag","embeddable":true,"href":"https:\/\/centralmedia.rs\/index.php\/wp-json\/wp\/v2\/tags?post=41440"}],"curies":[{"name":"wp","href":"https:\/\/api.w.org\/{rel}","templated":true}]}}