{"id":41480,"date":"2025-02-04T17:35:31","date_gmt":"2025-02-04T16:35:31","guid":{"rendered":"https:\/\/centralmedia.rs\/?p=41480"},"modified":"2025-02-13T09:23:53","modified_gmt":"2025-02-13T08:23:53","slug":"svilajnac-u-becu","status":"publish","type":"post","link":"https:\/\/centralmedia.rs\/index.php\/2025\/02\/04\/svilajnac-u-becu\/","title":{"rendered":"SVILAJNAC U BE\u010cU"},"content":{"rendered":"\n<p>Op\u0161tina Svilajnac bila je op\u0161tina partner na ovogodi\u0161njem 26. Svetosavskom balu, koji je odr\u017ean 31. januara u palati Hofburg u Be\u010du.<\/p>\n\n\n\n<figure class=\"wp-block-image size-large\"><img loading=\"lazy\" decoding=\"async\" width=\"1024\" height=\"620\" src=\"https:\/\/centralmedia.rs\/wp-content\/uploads\/2025\/02\/bec-1-1024x620.png\" alt=\"\" class=\"wp-image-41482\" srcset=\"https:\/\/centralmedia.rs\/wp-content\/uploads\/2025\/02\/bec-1-1024x620.png 1024w, https:\/\/centralmedia.rs\/wp-content\/uploads\/2025\/02\/bec-1-300x182.png 300w, https:\/\/centralmedia.rs\/wp-content\/uploads\/2025\/02\/bec-1-768x465.png 768w, https:\/\/centralmedia.rs\/wp-content\/uploads\/2025\/02\/bec-1.png 1439w\" sizes=\"(max-width: 1024px) 100vw, 1024px\" \/><\/figure>\n\n\n\n<p>Prema re\u010dima organizatora, ovo je bio jedan od najpose\u0107enijih Svetosavskih balova, na kome je op\u0161tina Svilajnac predstavila svoja kulturna i privredna bogatstva, turisti\u010dke potencijale i znamenitosti na\u0161eg kraja. Tako\u0111e, u tradicionalnim igrama u\u010destvovali su na\u0161i Svilajn\u010dani, predstavnici Kulturno-umetni\u010dkih dru\u0161tava: KUD \u201eSin\u0111eli\u0107\u201c Svilajnac, KUD \u201eDonja Resava\u201c Svilajnac, KUD \u201eDimitrije Kati\u0107\u201c Crkvenac, KUD \u201eSveta Trojica\u201c Bobovo i KUD \u201eKu\u0161iljevo\u201c.<\/p>\n\n\n\n<p>Predsednik op\u0161tine Svilajnac Predrag Milanovi\u0107 rekao je da je u organizaciji i samom programu u\u010destvovalo oko 100 Svilajn\u010dana i da svi treba da budemo ponosni:<\/p>\n\n\n\n<p>\u201ePrikazali smo op\u0161tinu Svilajnac u najboljem svetlu i dobili smo jednu veliku scenu na kojoj smo se prikazali publici iz gotovo cele Evrope. Zahvaljujem organizatorima, Srpskom centru iz Be\u010da i na\u0161oj ambasadi u Austriji na pozivu\u201c \u2013 izjavio je Milanovi\u0107.<\/p>\n\n\n\n<p>Program se odvijao u ukupno 14 razli\u010ditih sala velelepne nekada\u0161nje carske rezidencije. U \u0161est sala je odr\u017ean raznovrstan muzi\u010dki program, a u ostalim su bile zastupljene razli\u010dite istorijske i zabavne postavke. Svilajnac je imao posebnu salu za svoje predstavljanje.<\/p>\n\n\n\n<p>Bal je posetilo 2.500 ljudi, a i ove godine imao je humanitarni karakter.<\/p>\n\n\n\n<p>Zvani\u010dni program Svetosavskog bala povezuje dve kulture i na njemu su se izveli, kako be\u010dki valcer, tako i srpske tradicionalne igre, ali i nastupi savremenih i popularnih umetnika. U maniru svih be\u010dkih balova u pono\u0107 je izveden \u201eSrpski kadril\u201c Johana \u0160trausa Mla\u0111eg. Srpski kadril je kompozicija koju je ovaj austrijski kompozitor napisao po nalogu Milo\u0161a Obrenovi\u0107a, srpskog kneza koji je \u017eiveo u Be\u010du i pose\u0107ivao be\u010dke balove. Tako je nastao \u201cSrpski kadril\u201d, koji je prvi put izveden na Slavenskom balu u Be\u010du 1846. godine.<\/p>\n\n\n\n<p>Svetosavski bal u Be\u010du posve\u0107en je negovanju srpske kulture i tradicije i o\u010duvanju duha Svetosavlja i iskonskih vrednosti koje nas povezuju uz sna\u017enu misiju &#8211; pomo\u0107i i stvaranja bolje budu\u0107nosti. To je najve\u0107e okupljanje srpske dijaspore i jedini inostrani bal u be\u010dkoj palati Hofburg.<\/p>\n","protected":false},"excerpt":{"rendered":"<p>Op\u0161tina Svilajnac bila je op\u0161tina partner na ovogodi\u0161njem 26. Svetosavskom balu, koji je odr\u017ean 31. januara u palati Hofburg u Be\u010du. Prema re\u010dima organizatora, ovo &hellip; <\/p>\n","protected":false},"author":2,"featured_media":41481,"comment_status":"closed","ping_status":"open","sticky":false,"template":"","format":"standard","meta":{"footnotes":""},"categories":[14,2,12],"tags":[6690,38],"_links":{"self":[{"href":"https:\/\/centralmedia.rs\/index.php\/wp-json\/wp\/v2\/posts\/41480"}],"collection":[{"href":"https:\/\/centralmedia.rs\/index.php\/wp-json\/wp\/v2\/posts"}],"about":[{"href":"https:\/\/centralmedia.rs\/index.php\/wp-json\/wp\/v2\/types\/post"}],"author":[{"embeddable":true,"href":"https:\/\/centralmedia.rs\/index.php\/wp-json\/wp\/v2\/users\/2"}],"replies":[{"embeddable":true,"href":"https:\/\/centralmedia.rs\/index.php\/wp-json\/wp\/v2\/comments?post=41480"}],"version-history":[{"count":1,"href":"https:\/\/centralmedia.rs\/index.php\/wp-json\/wp\/v2\/posts\/41480\/revisions"}],"predecessor-version":[{"id":41483,"href":"https:\/\/centralmedia.rs\/index.php\/wp-json\/wp\/v2\/posts\/41480\/revisions\/41483"}],"wp:featuredmedia":[{"embeddable":true,"href":"https:\/\/centralmedia.rs\/index.php\/wp-json\/wp\/v2\/media\/41481"}],"wp:attachment":[{"href":"https:\/\/centralmedia.rs\/index.php\/wp-json\/wp\/v2\/media?parent=41480"}],"wp:term":[{"taxonomy":"category","embeddable":true,"href":"https:\/\/centralmedia.rs\/index.php\/wp-json\/wp\/v2\/categories?post=41480"},{"taxonomy":"post_tag","embeddable":true,"href":"https:\/\/centralmedia.rs\/index.php\/wp-json\/wp\/v2\/tags?post=41480"}],"curies":[{"name":"wp","href":"https:\/\/api.w.org\/{rel}","templated":true}]}}