{"id":4150,"date":"2016-08-10T11:15:35","date_gmt":"2016-08-10T11:15:35","guid":{"rendered":"http:\/\/centralmedia.rs\/?p=4150"},"modified":"2016-08-10T11:44:00","modified_gmt":"2016-08-10T11:44:00","slug":"pocela-isplata-otpremnina-u-fabrici-kablova-srce-puno-tuge","status":"publish","type":"post","link":"https:\/\/centralmedia.rs\/index.php\/2016\/08\/10\/pocela-isplata-otpremnina-u-fabrici-kablova-srce-puno-tuge\/","title":{"rendered":"PO\u010cELA ISPLATA OTPREMNINA U FABRICI KABLOVA &#8211; ,,SRCE PUNO TUGE\u201c"},"content":{"rendered":"<p>JAGODINA-Srce puno tuge, to mi je na du\u0161i, ka\u017ee \u00a0Vesna Jovanovi\u0107 koja je radila 34,5 godine u restoranu dru\u0161tvene ishrane u Fabrici kablova u Jagodini posle potpisivanja re\u0161enja o prestanku radnog odnosa. Za oko 850 radnika te fabrike po\u010dela je isplata otpremnina, a najvi\u0161e je onih koji su se odlu\u010dili za soluciju 200 evra po godini sta\u017ea jer ve\u0107ina zaposlenih ima preko 30 godina u radnom odnosu i to im je najpovoljnije. U Fabrici kablova zaposleno je 1.100 radnika.<\/p>\n<div id='gallery-1' class='gallery galleryid-4150 gallery-columns-4 gallery-size-thumbnail'><figure class='gallery-item'>\n\t\t\t<div class='gallery-icon landscape'>\n\t\t\t\t<a href='https:\/\/centralmedia.rs\/index.php\/2016\/08\/10\/pocela-isplata-otpremnina-u-fabrici-kablova-srce-puno-tuge\/hotel-srbija-jagodina-g-j\/'><img loading=\"lazy\" decoding=\"async\" width=\"150\" height=\"150\" src=\"https:\/\/centralmedia.rs\/wp-content\/uploads\/2016\/08\/hotel-srbija-jagodina-g.j.-150x150.jpg\" class=\"attachment-thumbnail size-thumbnail\" alt=\"\" \/><\/a>\n\t\t\t<\/div><\/figure><figure class='gallery-item'>\n\t\t\t<div class='gallery-icon landscape'>\n\t\t\t\t<a href='https:\/\/centralmedia.rs\/index.php\/2016\/08\/10\/pocela-isplata-otpremnina-u-fabrici-kablova-srce-puno-tuge\/kancelarija-jagodina-g-j-1\/'><img loading=\"lazy\" decoding=\"async\" width=\"150\" height=\"150\" src=\"https:\/\/centralmedia.rs\/wp-content\/uploads\/2016\/08\/kancelarija-jagodina-g.j.-1-150x150.jpg\" class=\"attachment-thumbnail size-thumbnail\" alt=\"\" \/><\/a>\n\t\t\t<\/div><\/figure><figure class='gallery-item'>\n\t\t\t<div class='gallery-icon landscape'>\n\t\t\t\t<a href='https:\/\/centralmedia.rs\/index.php\/2016\/08\/10\/pocela-isplata-otpremnina-u-fabrici-kablova-srce-puno-tuge\/kancelarija-jagodina-g-j-2\/'><img loading=\"lazy\" decoding=\"async\" width=\"150\" height=\"150\" src=\"https:\/\/centralmedia.rs\/wp-content\/uploads\/2016\/08\/kancelarija-jagodina-g.j.-2-150x150.jpg\" class=\"attachment-thumbnail size-thumbnail\" alt=\"\" \/><\/a>\n\t\t\t<\/div><\/figure><figure class='gallery-item'>\n\t\t\t<div class='gallery-icon landscape'>\n\t\t\t\t<a href='https:\/\/centralmedia.rs\/index.php\/2016\/08\/10\/pocela-isplata-otpremnina-u-fabrici-kablova-srce-puno-tuge\/kancelarija-jagodina-g-j-3\/'><img loading=\"lazy\" decoding=\"async\" width=\"150\" height=\"150\" src=\"https:\/\/centralmedia.rs\/wp-content\/uploads\/2016\/08\/kancelarija-jagodina-g.j.-3-150x150.jpg\" class=\"attachment-thumbnail size-thumbnail\" alt=\"\" \/><\/a>\n\t\t\t<\/div><\/figure>\n\t\t<\/div>\n\n<p>-Bilo je lepih uspomena. O\u010dekivali smo da steknemo penziju u fabrici, ali ovako, ba\u0161 sam razo\u010darana. Pisala sam socijalni program, ali imam jo\u0161 4,5 godine do penzije. Nemam plan, upla\u0107iva\u0107u doprinose u PIO kako bih oti\u0161la u penziju i da ne \u010dekam starosnu do 65. godine \u017eivot, pri\u010da Vesna Jovanovi\u0107.<\/p>\n<p>U biv\u0161em hotelu Srbija, sada jednoj od upravnih zgrada, radnici Fabrike kablova radnici dolaze u grupama i potpisuju re\u0161enja o dobrovoljnom napu\u0161tanju preduze\u0107a.<\/p>\n<p>-Svi smo bili kao porodica na poslu. Nemam ideju \u0161ta \u0107u radim. Stvori\u0107e\u00a0 se ideja. Kada uzmem novac \u017eive\u0107u \u0161tedljivo. Ostalo mi je jo\u0161 dve godine do penzije, pri\u010da Jelica Dimitrijevi\u0107 koja radila 33 godine na kontroli kvaliteta.<\/p>\n<div id='gallery-2' class='gallery galleryid-4150 gallery-columns-4 gallery-size-thumbnail'><figure class='gallery-item'>\n\t\t\t<div class='gallery-icon portrait'>\n\t\t\t\t<a href='https:\/\/centralmedia.rs\/index.php\/2016\/08\/10\/pocela-isplata-otpremnina-u-fabrici-kablova-srce-puno-tuge\/dragan-kostic-jagodina-g-j\/'><img loading=\"lazy\" decoding=\"async\" width=\"150\" height=\"150\" src=\"https:\/\/centralmedia.rs\/wp-content\/uploads\/2016\/08\/dragan-kostic-jagodina-g.j.-150x150.jpg\" class=\"attachment-thumbnail size-thumbnail\" alt=\"\" aria-describedby=\"gallery-2-4158\" \/><\/a>\n\t\t\t<\/div>\n\t\t\t\t<figcaption class='wp-caption-text gallery-caption' id='gallery-2-4158'>\n\t\t\t\tDragan Kosti\u0107\n\t\t\t\t<\/figcaption><\/figure><figure class='gallery-item'>\n\t\t\t<div class='gallery-icon portrait'>\n\t\t\t\t<a href='https:\/\/centralmedia.rs\/index.php\/2016\/08\/10\/pocela-isplata-otpremnina-u-fabrici-kablova-srce-puno-tuge\/dragoslav-stamenkovic-jagodina-g-j\/'><img loading=\"lazy\" decoding=\"async\" width=\"150\" height=\"150\" src=\"https:\/\/centralmedia.rs\/wp-content\/uploads\/2016\/08\/dragoslav-stamenkovic-jagodina-g.j.-150x150.jpg\" class=\"attachment-thumbnail size-thumbnail\" alt=\"\" aria-describedby=\"gallery-2-4159\" \/><\/a>\n\t\t\t<\/div>\n\t\t\t\t<figcaption class='wp-caption-text gallery-caption' id='gallery-2-4159'>\n\t\t\t\tDragoslav Stamenkovi\u0107\n\t\t\t\t<\/figcaption><\/figure><figure class='gallery-item'>\n\t\t\t<div class='gallery-icon portrait'>\n\t\t\t\t<a href='https:\/\/centralmedia.rs\/index.php\/2016\/08\/10\/pocela-isplata-otpremnina-u-fabrici-kablova-srce-puno-tuge\/dragutin-mladenovic-jagodina-g-j\/'><img loading=\"lazy\" decoding=\"async\" width=\"150\" height=\"150\" src=\"https:\/\/centralmedia.rs\/wp-content\/uploads\/2016\/08\/dragutin-mladenovic-jagodina-g.j.-150x150.jpg\" class=\"attachment-thumbnail size-thumbnail\" alt=\"\" aria-describedby=\"gallery-2-4160\" \/><\/a>\n\t\t\t<\/div>\n\t\t\t\t<figcaption class='wp-caption-text gallery-caption' id='gallery-2-4160'>\n\t\t\t\tDragutin Mladenovi\u0107\n\t\t\t\t<\/figcaption><\/figure><figure class='gallery-item'>\n\t\t\t<div class='gallery-icon portrait'>\n\t\t\t\t<a href='https:\/\/centralmedia.rs\/index.php\/2016\/08\/10\/pocela-isplata-otpremnina-u-fabrici-kablova-srce-puno-tuge\/vesna-jovanovic-jagodina-g-j\/'><img loading=\"lazy\" decoding=\"async\" width=\"150\" height=\"150\" src=\"https:\/\/centralmedia.rs\/wp-content\/uploads\/2016\/08\/vesna-jovanovic-jagodina-g.j-150x150.jpg\" class=\"attachment-thumbnail size-thumbnail\" alt=\"\" aria-describedby=\"gallery-2-4161\" \/><\/a>\n\t\t\t<\/div>\n\t\t\t\t<figcaption class='wp-caption-text gallery-caption' id='gallery-2-4161'>\n\t\t\t\tVesna Jovanovi\u0107\n\t\t\t\t<\/figcaption><\/figure>\n\t\t<\/div>\n\n<p>Fabriku kablova u septembru o\u010dekuje ro\u010di\u0161\u0107e u Privrednom sudu u Kragujevcu povodom programa Unapred pripremljenog programa reorganizacije-UPPR. U zavisnosti od odluke to preduze\u0107e nastavi\u0107e sa radom ili ide u ste\u010daj.<\/p>\n<p>-Na\u0161ao sam novo radno mesto i ve\u0107 dva meseca radim kod novog poslodavca. U pogonu je ostalo 5 radnika, a samo u jednoj smeni je radilo 20. \u017diveli smo kao jedan, sada ne\u0107e imati ko da radi, pri\u010da Dragan Kosti\u0107 koji ima 32 godine radnog sta\u017ea za ma\u0161inom u Novoj fabrici.<\/p>\n<p>Prema predlo\u017eenom programu UPPR sav dug od 110 miliona evra bi\u0107e konvertovan u akcije, a najve\u0107i akcionar bila bi dr\u017eava sa 65 odsto vlasni\u0161tva. Posle toga usledila bi osniva\u010dka sednica skup\u0161tine Akcionarskog dru\u0161tva i formiranje organa upravljanja i izbor menad\u017ementa. Program \u0107e biti realizovan narednih deset godina.<\/p>\n<p>-Ose\u0107amo gor\u010dinu, puna mi je kapa \u00a0zbog svega \u0161to se doga\u0111a. Radio sam 34 godine u pogonu \u017dUK, sada ne znam \u0161ta \u0107u radim. Ne\u0161to mora da se radi. Zdravlje mi ne dozvoljava da radim te\u017ee poslove. Razmi\u0161ljao sam o taksi slu\u017ebi da ,,izguram\u201c jo\u0161 \u0161est godina. Preko 90 odsto kolega uzelo je otpremninu, sigurno je da niko ne\u0107e odustati, jer je ovo poslednja prilika. Nema ko vi\u0161e da radi, u pogonu ostaje 6 radnika. Ostaju oni koji nisu imali pravo na socijalni program. Situacija je te\u0161ka, ka\u017ee Dragoslav \u00a0Stamenkovi\u0107.<\/p>\n<p>Ukoliko se usvoji UPPR,preduze\u0107e bi bilo oslobo\u0111eno do dugova, moglo bi u\u010destvuje na tenderima javnih preduze\u0107a i da se zadu\u017euje na finansijskom tr\u017eitu.<\/p>\n<p>-Te\u0161ko je posle 34 godine rada. Nisam o\u010dekivao da preduze\u0107e propadne ovako brzo. Prijavi\u0107u se na biro, ne znam \u0161t bih mogao da radim. Radi\u0107u svaki posao koji se uka\u017ee, imam 10 ari ba\u0161te i bagrenjar u Majutru, pri\u010da \u00a0Dragutin Mladenovi\u0107 .<\/p>\n<p>Posle zavr\u0161etka isplate, ranije je najavljivan novi krug za prijavljivanje za socijalni program koji treba da bude realizovan do kraja septembra.<\/p>\n","protected":false},"excerpt":{"rendered":"<p>JAGODINA-Srce puno tuge, to mi je na du\u0161i, ka\u017ee \u00a0Vesna Jovanovi\u0107 koja je radila 34,5 godine u restoranu dru\u0161tvene ishrane u Fabrici kablova u Jagodini &hellip; <\/p>\n","protected":false},"author":4,"featured_media":4151,"comment_status":"open","ping_status":"open","sticky":false,"template":"","format":"standard","meta":{"footnotes":""},"categories":[22,2],"tags":[368,58,1095],"_links":{"self":[{"href":"https:\/\/centralmedia.rs\/index.php\/wp-json\/wp\/v2\/posts\/4150"}],"collection":[{"href":"https:\/\/centralmedia.rs\/index.php\/wp-json\/wp\/v2\/posts"}],"about":[{"href":"https:\/\/centralmedia.rs\/index.php\/wp-json\/wp\/v2\/types\/post"}],"author":[{"embeddable":true,"href":"https:\/\/centralmedia.rs\/index.php\/wp-json\/wp\/v2\/users\/4"}],"replies":[{"embeddable":true,"href":"https:\/\/centralmedia.rs\/index.php\/wp-json\/wp\/v2\/comments?post=4150"}],"version-history":[{"count":0,"href":"https:\/\/centralmedia.rs\/index.php\/wp-json\/wp\/v2\/posts\/4150\/revisions"}],"wp:featuredmedia":[{"embeddable":true,"href":"https:\/\/centralmedia.rs\/index.php\/wp-json\/wp\/v2\/media\/4151"}],"wp:attachment":[{"href":"https:\/\/centralmedia.rs\/index.php\/wp-json\/wp\/v2\/media?parent=4150"}],"wp:term":[{"taxonomy":"category","embeddable":true,"href":"https:\/\/centralmedia.rs\/index.php\/wp-json\/wp\/v2\/categories?post=4150"},{"taxonomy":"post_tag","embeddable":true,"href":"https:\/\/centralmedia.rs\/index.php\/wp-json\/wp\/v2\/tags?post=4150"}],"curies":[{"name":"wp","href":"https:\/\/api.w.org\/{rel}","templated":true}]}}