{"id":41514,"date":"2025-02-07T08:54:34","date_gmt":"2025-02-07T07:54:34","guid":{"rendered":"https:\/\/centralmedia.rs\/?p=41514"},"modified":"2025-02-09T09:10:48","modified_gmt":"2025-02-09T08:10:48","slug":"jedinstvena-srbija-poziva-gradane-sa-kosova-i-metohije-da-u-nedelju-9-februara-izadu-na-izbore-i-podrze-srpsku-listu","status":"publish","type":"post","link":"https:\/\/centralmedia.rs\/index.php\/2025\/02\/07\/jedinstvena-srbija-poziva-gradane-sa-kosova-i-metohije-da-u-nedelju-9-februara-izadu-na-izbore-i-podrze-srpsku-listu\/","title":{"rendered":"JEDINSTVENA SRBIJA POZIVA GRA\u0110ANE SA KOSOVA I METOHIJE DA U NEDELjU 9. FEBRUARA IZA\u0110U NA IZBORE I PODR\u017dE SRPSKU LISTU"},"content":{"rendered":"\n<p>Predsedni\u0161tvo Jedinstvene Srbije poziva gra\u0111ane sa Kosova i Metohije da u nedelju 9. februara iza\u0111u na izbore i podr\u017ee Srpsku listu.<\/p>\n\n\n\n<p>Jedinstvena Srbija smatra da je jedini na\u010din da se stane na put divljanju privremenih pri\u0161tinskih institucija i bolesnim te\u017enjama Aljbina Kurtija da o\u010disti Kosovo i Metohiju ne samo od srpskih institucija i prisustva dr\u017eave Srbije na prostorima na\u0161e ju\u017ene pokrajine ve\u0107 i da taj prostor o\u010disti i od srpskog naroda, jeste da se poka\u017ee jedinstvo srpskog naroda na KiM i raseljenih lica, ali i da se poka\u017ee jedinstvo sa dr\u017eavom Srbijom.<\/p>\n\n\n\n<p>U tom smislu jasna je i nedvosmislena podr\u0161ka dr\u017eave Srbije Srpskoj listi, kao jedinoj listi koja predstavlja srpski narod na prostoru Kosova i Metohije a koja svoje delovanje tesno uskla\u0111uje sa svojom dr\u017eavom Srbijom. Karta na koju Kurti igra jeste nesloga me\u0111u srpskim narodom i zato je na ovim izborima instalirao njemu &#8220;po\u017eeljne&#8221; Srbe, zato je \u010dinio sve da iz izbornog procesa izbaci Srpsku listu, njene predstavnike u izbornom procesu,kako bi u pri\u0161tinski parlament ubacio svoje Srbe.<\/p>\n\n\n\n<p>Jedini pravi odgovor na njegove podle namere jeste da gra\u0111ani masovno iza\u0111u na glasanje i jedinstveno podr\u017ee predstavnike Srpske liste, ka\u017ee se u saop\u0161tenju Jedinstvene Srbije.<\/p>\n","protected":false},"excerpt":{"rendered":"<p>Predsedni\u0161tvo Jedinstvene Srbije poziva gra\u0111ane sa Kosova i Metohije da u nedelju 9. februara iza\u0111u na izbore i podr\u017ee Srpsku listu. Jedinstvena Srbija smatra da &hellip; <\/p>\n","protected":false},"author":2,"featured_media":41515,"comment_status":"closed","ping_status":"open","sticky":false,"template":"","format":"standard","meta":{"footnotes":""},"categories":[1524,2,1514,13,12],"tags":[643,702,143,3415],"_links":{"self":[{"href":"https:\/\/centralmedia.rs\/index.php\/wp-json\/wp\/v2\/posts\/41514"}],"collection":[{"href":"https:\/\/centralmedia.rs\/index.php\/wp-json\/wp\/v2\/posts"}],"about":[{"href":"https:\/\/centralmedia.rs\/index.php\/wp-json\/wp\/v2\/types\/post"}],"author":[{"embeddable":true,"href":"https:\/\/centralmedia.rs\/index.php\/wp-json\/wp\/v2\/users\/2"}],"replies":[{"embeddable":true,"href":"https:\/\/centralmedia.rs\/index.php\/wp-json\/wp\/v2\/comments?post=41514"}],"version-history":[{"count":1,"href":"https:\/\/centralmedia.rs\/index.php\/wp-json\/wp\/v2\/posts\/41514\/revisions"}],"predecessor-version":[{"id":41516,"href":"https:\/\/centralmedia.rs\/index.php\/wp-json\/wp\/v2\/posts\/41514\/revisions\/41516"}],"wp:featuredmedia":[{"embeddable":true,"href":"https:\/\/centralmedia.rs\/index.php\/wp-json\/wp\/v2\/media\/41515"}],"wp:attachment":[{"href":"https:\/\/centralmedia.rs\/index.php\/wp-json\/wp\/v2\/media?parent=41514"}],"wp:term":[{"taxonomy":"category","embeddable":true,"href":"https:\/\/centralmedia.rs\/index.php\/wp-json\/wp\/v2\/categories?post=41514"},{"taxonomy":"post_tag","embeddable":true,"href":"https:\/\/centralmedia.rs\/index.php\/wp-json\/wp\/v2\/tags?post=41514"}],"curies":[{"name":"wp","href":"https:\/\/api.w.org\/{rel}","templated":true}]}}