{"id":41566,"date":"2025-02-09T17:04:41","date_gmt":"2025-02-09T16:04:41","guid":{"rendered":"https:\/\/centralmedia.rs\/?p=41566"},"modified":"2025-02-10T17:06:25","modified_gmt":"2025-02-10T16:06:25","slug":"kragujevac-je-dobio-najvecu-opozicionu-partiju","status":"publish","type":"post","link":"https:\/\/centralmedia.rs\/index.php\/2025\/02\/09\/kragujevac-je-dobio-najvecu-opozicionu-partiju\/","title":{"rendered":"KRAGUJEVAC JE DOBIO NAJVE\u0106U OPOZICIONU PARTIJU"},"content":{"rendered":"\n<p>FORMIRAN GRADSKI ODBOR BUNT &#8211; PRAVE SRBIJE<\/p>\n\n\n\n<figure class=\"wp-block-gallery has-nested-images columns-default is-cropped wp-block-gallery-1 is-layout-flex wp-block-gallery-is-layout-flex\">\n<figure class=\"wp-block-image size-large\"><img loading=\"lazy\" decoding=\"async\" width=\"1024\" height=\"678\" data-id=\"41569\" src=\"https:\/\/centralmedia.rs\/wp-content\/uploads\/2025\/02\/bunt-1-1024x678.jpg\" alt=\"\" class=\"wp-image-41569\" srcset=\"https:\/\/centralmedia.rs\/wp-content\/uploads\/2025\/02\/bunt-1-1024x678.jpg 1024w, https:\/\/centralmedia.rs\/wp-content\/uploads\/2025\/02\/bunt-1-300x199.jpg 300w, https:\/\/centralmedia.rs\/wp-content\/uploads\/2025\/02\/bunt-1-768x509.jpg 768w, https:\/\/centralmedia.rs\/wp-content\/uploads\/2025\/02\/bunt-1.jpg 1280w\" sizes=\"(max-width: 1024px) 100vw, 1024px\" \/><\/figure>\n\n\n\n<figure class=\"wp-block-image size-large\"><img loading=\"lazy\" decoding=\"async\" width=\"1024\" height=\"678\" data-id=\"41568\" src=\"https:\/\/centralmedia.rs\/wp-content\/uploads\/2025\/02\/bunt-2-1024x678.jpg\" alt=\"\" class=\"wp-image-41568\" srcset=\"https:\/\/centralmedia.rs\/wp-content\/uploads\/2025\/02\/bunt-2-1024x678.jpg 1024w, https:\/\/centralmedia.rs\/wp-content\/uploads\/2025\/02\/bunt-2-300x199.jpg 300w, https:\/\/centralmedia.rs\/wp-content\/uploads\/2025\/02\/bunt-2-768x509.jpg 768w, https:\/\/centralmedia.rs\/wp-content\/uploads\/2025\/02\/bunt-2.jpg 1280w\" sizes=\"(max-width: 1024px) 100vw, 1024px\" \/><\/figure>\n\n\n\n<figure class=\"wp-block-image size-large\"><img loading=\"lazy\" decoding=\"async\" width=\"1024\" height=\"678\" data-id=\"41570\" src=\"https:\/\/centralmedia.rs\/wp-content\/uploads\/2025\/02\/bunt-3-1024x678.jpg\" alt=\"\" class=\"wp-image-41570\" srcset=\"https:\/\/centralmedia.rs\/wp-content\/uploads\/2025\/02\/bunt-3-1024x678.jpg 1024w, https:\/\/centralmedia.rs\/wp-content\/uploads\/2025\/02\/bunt-3-300x199.jpg 300w, https:\/\/centralmedia.rs\/wp-content\/uploads\/2025\/02\/bunt-3-768x509.jpg 768w, https:\/\/centralmedia.rs\/wp-content\/uploads\/2025\/02\/bunt-3.jpg 1280w\" sizes=\"(max-width: 1024px) 100vw, 1024px\" \/><\/figure>\n\n\n\n<figure class=\"wp-block-image size-large\"><img loading=\"lazy\" decoding=\"async\" width=\"1024\" height=\"678\" data-id=\"41571\" src=\"https:\/\/centralmedia.rs\/wp-content\/uploads\/2025\/02\/bunt-4-1024x678.jpg\" alt=\"\" class=\"wp-image-41571\" srcset=\"https:\/\/centralmedia.rs\/wp-content\/uploads\/2025\/02\/bunt-4-1024x678.jpg 1024w, https:\/\/centralmedia.rs\/wp-content\/uploads\/2025\/02\/bunt-4-300x199.jpg 300w, https:\/\/centralmedia.rs\/wp-content\/uploads\/2025\/02\/bunt-4-768x509.jpg 768w, https:\/\/centralmedia.rs\/wp-content\/uploads\/2025\/02\/bunt-4.jpg 1280w\" sizes=\"(max-width: 1024px) 100vw, 1024px\" \/><\/figure>\n<\/figure>\n\n\n\n<p>U Kragujevcu je formiran gradski odbor Bunt- Prave Srbije. Za predsednicu gradskog odbora Bunt &#8211; Prave Srbije u Kragujevcu, pred vi\u0161e od 80 delegata, izabrana je Nada Petrovi\u0107, profesorka srpskog jezika i kandidat za gradona\u010delnicu Kragujevca na proteklim lokalnim izborima.<\/p>\n\n\n\n<p>-Ono \u010dime se ponosimo jeste to da je na\u0161a sestra Nada sa svojim timom uspela da objedini sve istaknute opozicione lidere i oformi najja\u010du opozicionu grupaciju u Kragujevcu. Osniva\u010dkoj skup\u0161tini kragujeva\u010dkog gradskog odbora Bunt &#8211; Prave Srbije prisustvovao je i predsednik partije Du\u0161an Markovi\u0107, potpredsednik Nikola Ostoji\u0107, kao i odbornici partije iz vi\u0161e gradova, stoji u saop\u0161tenju.<\/p>\n\n\n\n<p>-Veliko mi je zadovoljstvo \u0161to u Kragujevcu osnivamo gradski odbor na\u0161e partije. Ovo je samo po\u010detak \u0161irenja na\u0161e ideje u \u0160umadiji. Uskoro nas o\u010dekuje osnivanje jo\u0161 \u010detiri odbora u centralnoj Srbiji. Drago mi je \u0161to ljudi u nama vide alternativu i \u0161to prepoznaju na\u0161 dosada\u0161nji trud i rad. Mnogi politi\u010dki predstavnici i lideri zaobilaze \u0160umadiju, jer znaju da u njoj nemaju podr\u0161ku i da je ona kriti\u010dka i preka. E ba\u0161 zato mi na\u0161u borbu nastavljamo iz na\u0161e slobodarske \u0160umadije. Valjala je \u0160umadija Kara\u0111or\u0111u, Milo\u0161u i \u010ci\u010di, valja\u0107e i nama BUNT-ovnim naslednicima ovih svetih zaveta. Na\u0161a partija je u proteklim godinama postal apsolutni lider opozicione ju\u017ene Srbije i najozbiljnija opoziciona partija ju\u017eno od Beograda sa sada ve\u0107 preko 36 gradskih i op\u0161tinskih odbora. Zato nastavljamo dalje sa \u0161irenjem na\u0161e ideje&#8221;, rekao je Du\u0161an Markovi\u0107, predsednik BUNT &#8211; Prave Srbije.<\/p>\n","protected":false},"excerpt":{"rendered":"<p>FORMIRAN GRADSKI ODBOR BUNT &#8211; PRAVE SRBIJE U Kragujevcu je formiran gradski odbor Bunt- Prave Srbije. Za predsednicu gradskog odbora Bunt &#8211; Prave Srbije u &hellip; <\/p>\n","protected":false},"author":2,"featured_media":41567,"comment_status":"closed","ping_status":"open","sticky":false,"template":"","format":"standard","meta":{"footnotes":""},"categories":[1524,1514,13,12],"tags":[6097,650],"_links":{"self":[{"href":"https:\/\/centralmedia.rs\/index.php\/wp-json\/wp\/v2\/posts\/41566"}],"collection":[{"href":"https:\/\/centralmedia.rs\/index.php\/wp-json\/wp\/v2\/posts"}],"about":[{"href":"https:\/\/centralmedia.rs\/index.php\/wp-json\/wp\/v2\/types\/post"}],"author":[{"embeddable":true,"href":"https:\/\/centralmedia.rs\/index.php\/wp-json\/wp\/v2\/users\/2"}],"replies":[{"embeddable":true,"href":"https:\/\/centralmedia.rs\/index.php\/wp-json\/wp\/v2\/comments?post=41566"}],"version-history":[{"count":1,"href":"https:\/\/centralmedia.rs\/index.php\/wp-json\/wp\/v2\/posts\/41566\/revisions"}],"predecessor-version":[{"id":41572,"href":"https:\/\/centralmedia.rs\/index.php\/wp-json\/wp\/v2\/posts\/41566\/revisions\/41572"}],"wp:featuredmedia":[{"embeddable":true,"href":"https:\/\/centralmedia.rs\/index.php\/wp-json\/wp\/v2\/media\/41567"}],"wp:attachment":[{"href":"https:\/\/centralmedia.rs\/index.php\/wp-json\/wp\/v2\/media?parent=41566"}],"wp:term":[{"taxonomy":"category","embeddable":true,"href":"https:\/\/centralmedia.rs\/index.php\/wp-json\/wp\/v2\/categories?post=41566"},{"taxonomy":"post_tag","embeddable":true,"href":"https:\/\/centralmedia.rs\/index.php\/wp-json\/wp\/v2\/tags?post=41566"}],"curies":[{"name":"wp","href":"https:\/\/api.w.org\/{rel}","templated":true}]}}