{"id":41586,"date":"2025-02-11T10:08:57","date_gmt":"2025-02-11T09:08:57","guid":{"rendered":"https:\/\/centralmedia.rs\/?p=41586"},"modified":"2025-02-11T10:08:58","modified_gmt":"2025-02-11T09:08:58","slug":"predsednik-gradske-opstine-karpos-stevco-jakimovski-u-poseti-zlatiboru-razgovori-o-buducoj-saradnji","status":"publish","type":"post","link":"https:\/\/centralmedia.rs\/index.php\/2025\/02\/11\/predsednik-gradske-opstine-karpos-stevco-jakimovski-u-poseti-zlatiboru-razgovori-o-buducoj-saradnji\/","title":{"rendered":"Predsednik gradske op\u0161tine Karpo\u0161, Stev\u010do Jakimovski, u poseti Zlatiboru: Razgovori o budu\u0107oj saradnji"},"content":{"rendered":"\n<p>Proteklog vikenda Zlatibor je bio doma\u0107in predsedniku gradske op\u0161tine Karpo\u0161 iz Skoplja, Stev\u010du Jakimovskom, koji je, zajedno sa predsednikom Op\u0161tine \u010cajetina Milanom Stamatovi\u0107em, razgovarao o mogu\u0107nostima saradnje izme\u0111u dve op\u0161tine, posebno u oblasti turizma.<\/p>\n\n\n\n<figure class=\"wp-block-gallery has-nested-images columns-default is-cropped wp-block-gallery-1 is-layout-flex wp-block-gallery-is-layout-flex\">\n<figure class=\"wp-block-image size-large\"><img loading=\"lazy\" decoding=\"async\" width=\"768\" height=\"1024\" data-id=\"41588\" src=\"https:\/\/centralmedia.rs\/wp-content\/uploads\/2025\/02\/\u041f\u0440\u0435\u0434\u0441\u0435\u0434\u043d\u0438\u043a-\u0433\u0440\u0430\u0434\u0441\u043a\u0435-\u043e\u043f\u0448\u0442\u0438\u043d\u0435-\u041a\u0430\u0440\u043f\u043e\u0448-\u0443-\u043f\u043e\u0441\u0435\u0442\u0438-\u0417\u043b\u0430\u0442\u0438\u0431\u043e\u0440\u0443-1-768x1024.jpg\" alt=\"\" class=\"wp-image-41588\" srcset=\"https:\/\/centralmedia.rs\/wp-content\/uploads\/2025\/02\/\u041f\u0440\u0435\u0434\u0441\u0435\u0434\u043d\u0438\u043a-\u0433\u0440\u0430\u0434\u0441\u043a\u0435-\u043e\u043f\u0448\u0442\u0438\u043d\u0435-\u041a\u0430\u0440\u043f\u043e\u0448-\u0443-\u043f\u043e\u0441\u0435\u0442\u0438-\u0417\u043b\u0430\u0442\u0438\u0431\u043e\u0440\u0443-1-768x1024.jpg 768w, https:\/\/centralmedia.rs\/wp-content\/uploads\/2025\/02\/\u041f\u0440\u0435\u0434\u0441\u0435\u0434\u043d\u0438\u043a-\u0433\u0440\u0430\u0434\u0441\u043a\u0435-\u043e\u043f\u0448\u0442\u0438\u043d\u0435-\u041a\u0430\u0440\u043f\u043e\u0448-\u0443-\u043f\u043e\u0441\u0435\u0442\u0438-\u0417\u043b\u0430\u0442\u0438\u0431\u043e\u0440\u0443-1-225x300.jpg 225w, https:\/\/centralmedia.rs\/wp-content\/uploads\/2025\/02\/\u041f\u0440\u0435\u0434\u0441\u0435\u0434\u043d\u0438\u043a-\u0433\u0440\u0430\u0434\u0441\u043a\u0435-\u043e\u043f\u0448\u0442\u0438\u043d\u0435-\u041a\u0430\u0440\u043f\u043e\u0448-\u0443-\u043f\u043e\u0441\u0435\u0442\u0438-\u0417\u043b\u0430\u0442\u0438\u0431\u043e\u0440\u0443-1-1152x1536.jpg 1152w, https:\/\/centralmedia.rs\/wp-content\/uploads\/2025\/02\/\u041f\u0440\u0435\u0434\u0441\u0435\u0434\u043d\u0438\u043a-\u0433\u0440\u0430\u0434\u0441\u043a\u0435-\u043e\u043f\u0448\u0442\u0438\u043d\u0435-\u041a\u0430\u0440\u043f\u043e\u0448-\u0443-\u043f\u043e\u0441\u0435\u0442\u0438-\u0417\u043b\u0430\u0442\u0438\u0431\u043e\u0440\u0443-1.jpg 1200w\" sizes=\"(max-width: 768px) 100vw, 768px\" \/><\/figure>\n\n\n\n<figure class=\"wp-block-image size-large\"><img loading=\"lazy\" decoding=\"async\" width=\"1024\" height=\"768\" data-id=\"41589\" src=\"https:\/\/centralmedia.rs\/wp-content\/uploads\/2025\/02\/\u041f\u0440\u0435\u0434\u0441\u0435\u0434\u043d\u0438\u043a-\u0433\u0440\u0430\u0434\u0441\u043a\u0435-\u043e\u043f\u0448\u0442\u0438\u043d\u0435-\u041a\u0430\u0440\u043f\u043e\u0448-\u0443-\u043f\u043e\u0441\u0435\u0442\u0438-\u0417\u043b\u0430\u0442\u0438\u0431\u043e\u0440\u0443-2-1024x768.jpg\" alt=\"\" class=\"wp-image-41589\" srcset=\"https:\/\/centralmedia.rs\/wp-content\/uploads\/2025\/02\/\u041f\u0440\u0435\u0434\u0441\u0435\u0434\u043d\u0438\u043a-\u0433\u0440\u0430\u0434\u0441\u043a\u0435-\u043e\u043f\u0448\u0442\u0438\u043d\u0435-\u041a\u0430\u0440\u043f\u043e\u0448-\u0443-\u043f\u043e\u0441\u0435\u0442\u0438-\u0417\u043b\u0430\u0442\u0438\u0431\u043e\u0440\u0443-2-1024x768.jpg 1024w, https:\/\/centralmedia.rs\/wp-content\/uploads\/2025\/02\/\u041f\u0440\u0435\u0434\u0441\u0435\u0434\u043d\u0438\u043a-\u0433\u0440\u0430\u0434\u0441\u043a\u0435-\u043e\u043f\u0448\u0442\u0438\u043d\u0435-\u041a\u0430\u0440\u043f\u043e\u0448-\u0443-\u043f\u043e\u0441\u0435\u0442\u0438-\u0417\u043b\u0430\u0442\u0438\u0431\u043e\u0440\u0443-2-300x225.jpg 300w, https:\/\/centralmedia.rs\/wp-content\/uploads\/2025\/02\/\u041f\u0440\u0435\u0434\u0441\u0435\u0434\u043d\u0438\u043a-\u0433\u0440\u0430\u0434\u0441\u043a\u0435-\u043e\u043f\u0448\u0442\u0438\u043d\u0435-\u041a\u0430\u0440\u043f\u043e\u0448-\u0443-\u043f\u043e\u0441\u0435\u0442\u0438-\u0417\u043b\u0430\u0442\u0438\u0431\u043e\u0440\u0443-2-768x576.jpg 768w, https:\/\/centralmedia.rs\/wp-content\/uploads\/2025\/02\/\u041f\u0440\u0435\u0434\u0441\u0435\u0434\u043d\u0438\u043a-\u0433\u0440\u0430\u0434\u0441\u043a\u0435-\u043e\u043f\u0448\u0442\u0438\u043d\u0435-\u041a\u0430\u0440\u043f\u043e\u0448-\u0443-\u043f\u043e\u0441\u0435\u0442\u0438-\u0417\u043b\u0430\u0442\u0438\u0431\u043e\u0440\u0443-2-1536x1152.jpg 1536w, https:\/\/centralmedia.rs\/wp-content\/uploads\/2025\/02\/\u041f\u0440\u0435\u0434\u0441\u0435\u0434\u043d\u0438\u043a-\u0433\u0440\u0430\u0434\u0441\u043a\u0435-\u043e\u043f\u0448\u0442\u0438\u043d\u0435-\u041a\u0430\u0440\u043f\u043e\u0448-\u0443-\u043f\u043e\u0441\u0435\u0442\u0438-\u0417\u043b\u0430\u0442\u0438\u0431\u043e\u0440\u0443-2.jpg 1600w\" sizes=\"(max-width: 1024px) 100vw, 1024px\" \/><\/figure>\n<\/figure>\n\n\n\n<p>Radni sastanak odr\u017ean u prostorijama Op\u0161tine \u010cajetina bio je prilika da se razmene iskustva u vo\u0111enju lokalnih samouprava i razgovara o zajedni\u010dkim inicijativama koje bi mogle doprineti razvoju turizma i privrede. Tokom sastanka, posebno su istaknuti projekti odr\u017eivog razvoja, pobolj\u0161anje turisti\u010dke infrastrukture, kao i mogu\u0107nost me\u0111usobne promocije dve destinacije kroz razli\u010dite programe i manifestacije.<\/p>\n\n\n\n<p>Zlatibor i Karpo\u0161 dele mnoge sli\u010dnosti, a saradnja izme\u0111u na\u0161ih op\u0161tina mo\u017ee biti izuzetno korisna za razvoj turizma i unapre\u0111enje ponude. Verujem da \u0107emo ve\u0107 po\u010detkom naredne godine konkretizovati neke od ideja o kojima smo razgovarali i time stvoriti nove mogu\u0107nosti za na\u0161e gra\u0111ane i privredu, izjavio je predsednik Op\u0161tine \u010cajetina Milan Stamatovi\u0107.<\/p>\n\n\n\n<p>Stev\u010do Jakimovski je proveo dva dana na Zlatiboru, gde je imao priliku da se upozna sa turisti\u010dkim potencijalima na\u0161e planine. Obi\u0161ao je neke od najzna\u010dajnijih lokaliteta i informisao se o budu\u0107im projektima koji \u0107e dodatno unaprediti turisti\u010dku ponudu Zlatibora.<\/p>\n\n\n\n<p>Ova poseta predstavlja prvi korak ka uspostavljanju dugoro\u010dne saradnje izme\u0111u \u010cajetine i Karpo\u0161a, sa ciljem ja\u010danja turisti\u010dkih i privrednih veza, a u narednim mesecima o\u010dekuju se konkretni predlozi i zajedni\u010dke inicijative koje \u0107e doprineti razvoju obe op\u0161tine.<\/p>\n","protected":false},"excerpt":{"rendered":"<p>Proteklog vikenda Zlatibor je bio doma\u0107in predsedniku gradske op\u0161tine Karpo\u0161 iz Skoplja, Stev\u010du Jakimovskom, koji je, zajedno sa predsednikom Op\u0161tine \u010cajetina Milanom Stamatovi\u0107em, razgovarao o &hellip; <\/p>\n","protected":false},"author":2,"featured_media":41587,"comment_status":"closed","ping_status":"open","sticky":false,"template":"","format":"standard","meta":{"footnotes":""},"categories":[2875,1524,13,12],"tags":[6530,6896],"_links":{"self":[{"href":"https:\/\/centralmedia.rs\/index.php\/wp-json\/wp\/v2\/posts\/41586"}],"collection":[{"href":"https:\/\/centralmedia.rs\/index.php\/wp-json\/wp\/v2\/posts"}],"about":[{"href":"https:\/\/centralmedia.rs\/index.php\/wp-json\/wp\/v2\/types\/post"}],"author":[{"embeddable":true,"href":"https:\/\/centralmedia.rs\/index.php\/wp-json\/wp\/v2\/users\/2"}],"replies":[{"embeddable":true,"href":"https:\/\/centralmedia.rs\/index.php\/wp-json\/wp\/v2\/comments?post=41586"}],"version-history":[{"count":1,"href":"https:\/\/centralmedia.rs\/index.php\/wp-json\/wp\/v2\/posts\/41586\/revisions"}],"predecessor-version":[{"id":41590,"href":"https:\/\/centralmedia.rs\/index.php\/wp-json\/wp\/v2\/posts\/41586\/revisions\/41590"}],"wp:featuredmedia":[{"embeddable":true,"href":"https:\/\/centralmedia.rs\/index.php\/wp-json\/wp\/v2\/media\/41587"}],"wp:attachment":[{"href":"https:\/\/centralmedia.rs\/index.php\/wp-json\/wp\/v2\/media?parent=41586"}],"wp:term":[{"taxonomy":"category","embeddable":true,"href":"https:\/\/centralmedia.rs\/index.php\/wp-json\/wp\/v2\/categories?post=41586"},{"taxonomy":"post_tag","embeddable":true,"href":"https:\/\/centralmedia.rs\/index.php\/wp-json\/wp\/v2\/tags?post=41586"}],"curies":[{"name":"wp","href":"https:\/\/api.w.org\/{rel}","templated":true}]}}