{"id":41621,"date":"2024-05-26T00:13:35","date_gmt":"2024-05-25T22:13:35","guid":{"rendered":"https:\/\/centralmedia.rs\/?p=41621"},"modified":"2025-02-13T18:32:58","modified_gmt":"2025-02-13T17:32:58","slug":"sistematski-pregled-alarmirao-odgovorne-svilajncu","status":"publish","type":"post","link":"https:\/\/centralmedia.rs\/index.php\/2024\/05\/26\/sistematski-pregled-alarmirao-odgovorne-svilajncu\/","title":{"rendered":"SISTEMATSKI PREGLED ALARMIRAO ODGOVORNE SVILAJNCU"},"content":{"rendered":"\n<p>Gojaznost, celulit, defekti ki\u010dme, prstiju i zglobova na rukama, kao i oslabljen vid, neki su od najalarmantnijih zdravstvenih problema kod mali\u0161ana u Svilajncu, zaklju\u010dak je posle obavljenog sistematskog pregleda najmla\u0111ih 2017. godine u toj op\u0161tini. Posle toga usledila je inicijativa da se pokrene sveobuhvatni projekat Svilajn\u010dani na prvom mestu koji bi okupio sve generacije Svialjn\u010dana u nameri da kroz afirmativne mere preventivno uti\u010du na svoje zdravlje kroz sticanje zdravih navika od najranijeg uzrasta. Projekat je animirao sve uzraste do najstarijih gra\u0111ana sa ciljem da se stanovni\u0161tvo usmeri ka pozitivnim promenama, a ujedno da to budu besplatni programi koji ne\u0107e podrazumevati tro\u0161enje porodi\u010dnih bud\u017eeta. Rezultati nisu izostali, a projekat je za\u017eiveo i postao neophodnost i sastavni deo svake porodice\u00a0\u00a0\u00a0 \u00a0<\/p>\n\n\n\n<figure class=\"wp-block-gallery has-nested-images columns-default is-cropped wp-block-gallery-1 is-layout-flex wp-block-gallery-is-layout-flex\">\n<figure class=\"wp-block-image size-large\"><img loading=\"lazy\" decoding=\"async\" width=\"1024\" height=\"966\" data-id=\"27396\" src=\"https:\/\/centralmedia.rs\/wp-content\/uploads\/2021\/07\/centar-bebe-1024x966.jpg\" alt=\"\" class=\"wp-image-27396\" srcset=\"https:\/\/centralmedia.rs\/wp-content\/uploads\/2021\/07\/centar-bebe-1024x966.jpg 1024w, https:\/\/centralmedia.rs\/wp-content\/uploads\/2021\/07\/centar-bebe-300x283.jpg 300w, https:\/\/centralmedia.rs\/wp-content\/uploads\/2021\/07\/centar-bebe-768x724.jpg 768w, https:\/\/centralmedia.rs\/wp-content\/uploads\/2021\/07\/centar-bebe-445x420.jpg 445w, https:\/\/centralmedia.rs\/wp-content\/uploads\/2021\/07\/centar-bebe-640x604.jpg 640w, https:\/\/centralmedia.rs\/wp-content\/uploads\/2021\/07\/centar-bebe-681x642.jpg 681w, https:\/\/centralmedia.rs\/wp-content\/uploads\/2021\/07\/centar-bebe.jpg 1565w\" sizes=\"(max-width: 1024px) 100vw, 1024px\" \/><\/figure>\n\n\n\n<figure class=\"wp-block-image size-large\"><img loading=\"lazy\" decoding=\"async\" width=\"1024\" height=\"683\" data-id=\"27398\" src=\"https:\/\/centralmedia.rs\/wp-content\/uploads\/2021\/07\/centar-bebe2-1024x683.jpg\" alt=\"\" class=\"wp-image-27398\" srcset=\"https:\/\/centralmedia.rs\/wp-content\/uploads\/2021\/07\/centar-bebe2-1024x683.jpg 1024w, https:\/\/centralmedia.rs\/wp-content\/uploads\/2021\/07\/centar-bebe2-300x200.jpg 300w, https:\/\/centralmedia.rs\/wp-content\/uploads\/2021\/07\/centar-bebe2-768x512.jpg 768w, https:\/\/centralmedia.rs\/wp-content\/uploads\/2021\/07\/centar-bebe2-630x420.jpg 630w, https:\/\/centralmedia.rs\/wp-content\/uploads\/2021\/07\/centar-bebe2-640x427.jpg 640w, https:\/\/centralmedia.rs\/wp-content\/uploads\/2021\/07\/centar-bebe2-681x454.jpg 681w, https:\/\/centralmedia.rs\/wp-content\/uploads\/2021\/07\/centar-bebe2.jpg 2048w\" sizes=\"(max-width: 1024px) 100vw, 1024px\" \/><\/figure>\n\n\n\n<figure class=\"wp-block-image size-large\"><img loading=\"lazy\" decoding=\"async\" width=\"1024\" height=\"683\" data-id=\"27399\" src=\"https:\/\/centralmedia.rs\/wp-content\/uploads\/2021\/07\/centar-bebe3-1024x683.jpg\" alt=\"\" class=\"wp-image-27399\" srcset=\"https:\/\/centralmedia.rs\/wp-content\/uploads\/2021\/07\/centar-bebe3-1024x683.jpg 1024w, https:\/\/centralmedia.rs\/wp-content\/uploads\/2021\/07\/centar-bebe3-300x200.jpg 300w, https:\/\/centralmedia.rs\/wp-content\/uploads\/2021\/07\/centar-bebe3-768x512.jpg 768w, https:\/\/centralmedia.rs\/wp-content\/uploads\/2021\/07\/centar-bebe3-630x420.jpg 630w, https:\/\/centralmedia.rs\/wp-content\/uploads\/2021\/07\/centar-bebe3-640x427.jpg 640w, https:\/\/centralmedia.rs\/wp-content\/uploads\/2021\/07\/centar-bebe3-681x454.jpg 681w, https:\/\/centralmedia.rs\/wp-content\/uploads\/2021\/07\/centar-bebe3.jpg 2048w\" sizes=\"(max-width: 1024px) 100vw, 1024px\" \/><\/figure>\n<\/figure>\n\n\n\n<p>Skup\u0161ina op\u0161tine Svilajnac, u saradnji sa Centrom za brigu o porodici i Domom zdravlja, obavila je akciju sistematskog pregleda dece \u0161kolskog uzrasta 2017. godine i otkrili veliki broj dece sa ravnim stopalima i deformitetima ki\u010dme.<\/p>\n\n\n\n<p>Akcija je provedena u svim osnovnim \u0161kolama, pregledano je 1.600 u\u010denika od prvog do osmog razreda, a na \u010delu tima, koji je vr\u0161io preglede bila je dr Mirjana Vasi\u0107, kazala je v.d direktora Centra za brigu o porodici Ivana Petrovi\u0107.<\/p>\n\n\n\n<p>Ona je dodala da je odaziv dece bio gotovo stopostotan. Fizioterapeut Jelena Radovanovi\u0107 je istakla da je kod oko 300 dece ustanovljeno da imaju ravna stopala, lo\u0161e dr\u017eanje ne\u0161to manje i deformitete ki\u010demenog stuba, pre svega &#8220;vertebtralnog dela&#8221; oko 120 dece.<\/p>\n\n\n\n<p>Uzrok su manje kretanje, dugo i nepravilno sedenje, dugo vreme sedenja za kompjuterom, manje igre ali i te\u0161ke \u0111a\u010dke torbe. Za decu \u0107e biti organizovane korektivne ve\u017eebe pod nadzorom stru\u010dnog lica a te\u017ei slu\u010dajevi bi\u0107e upu\u0107eni na daljnje preglede.<\/p>\n\n\n\n<p>Pored toga, 80 odsto penzionera ima jednu hroni\u010dnu bolest, a 68 odsto vi\u0161e od jedne. Vi\u0161e od 70 odsto mu\u0161karaca starijih od 55 godina ima visok krvni pritisak. Gotovo polovina starijih osoba ima visok holesterol. Gotovo tre\u0107ina starijih osoba pati od bolova u zglobovima i otocima prouzrokovanim artritisom. Oko 29 odsto starijih ljudi le\u010deno je od ishemijske bolesti srca, kod koje se plak nakuplja na zidovima arterija, su\u017eavaju\u0107i ih i pove\u0107avaju\u0107i \u0161anse za sr\u010dani ili mo\u017edani udar. Oko 27 odsto starijih osoba le\u010di se od dijabetesa.<\/p>\n\n\n\n<p>Ovi podaci su sami po sebi bili dovoljni da se ne\u0161to hitno preduzme. Okupljeni su eminenti stru\u010dnjaci iz svih oblasti, relizacija projekta bila je vrhunska, edukatori najbolji mogu\u0107i u svojim oblastima, rezultati su vi\u0161e nego dobri, a Svilajnac je po tome postao prepoznatljiv \u0161irom Srbije.<\/p>\n","protected":false},"excerpt":{"rendered":"<p>Gojaznost, celulit, defekti ki\u010dme, prstiju i zglobova na rukama, kao i oslabljen vid, neki su od najalarmantnijih zdravstvenih problema kod mali\u0161ana u Svilajncu, zaklju\u010dak je &hellip; <\/p>\n","protected":false},"author":2,"featured_media":27395,"comment_status":"open","ping_status":"open","sticky":false,"template":"","format":"standard","meta":{"footnotes":""},"categories":[14,1524,2,887,12,5785,1517],"tags":[6903,38],"_links":{"self":[{"href":"https:\/\/centralmedia.rs\/index.php\/wp-json\/wp\/v2\/posts\/41621"}],"collection":[{"href":"https:\/\/centralmedia.rs\/index.php\/wp-json\/wp\/v2\/posts"}],"about":[{"href":"https:\/\/centralmedia.rs\/index.php\/wp-json\/wp\/v2\/types\/post"}],"author":[{"embeddable":true,"href":"https:\/\/centralmedia.rs\/index.php\/wp-json\/wp\/v2\/users\/2"}],"replies":[{"embeddable":true,"href":"https:\/\/centralmedia.rs\/index.php\/wp-json\/wp\/v2\/comments?post=41621"}],"version-history":[{"count":4,"href":"https:\/\/centralmedia.rs\/index.php\/wp-json\/wp\/v2\/posts\/41621\/revisions"}],"predecessor-version":[{"id":41787,"href":"https:\/\/centralmedia.rs\/index.php\/wp-json\/wp\/v2\/posts\/41621\/revisions\/41787"}],"wp:featuredmedia":[{"embeddable":true,"href":"https:\/\/centralmedia.rs\/index.php\/wp-json\/wp\/v2\/media\/27395"}],"wp:attachment":[{"href":"https:\/\/centralmedia.rs\/index.php\/wp-json\/wp\/v2\/media?parent=41621"}],"wp:term":[{"taxonomy":"category","embeddable":true,"href":"https:\/\/centralmedia.rs\/index.php\/wp-json\/wp\/v2\/categories?post=41621"},{"taxonomy":"post_tag","embeddable":true,"href":"https:\/\/centralmedia.rs\/index.php\/wp-json\/wp\/v2\/tags?post=41621"}],"curies":[{"name":"wp","href":"https:\/\/api.w.org\/{rel}","templated":true}]}}