{"id":41623,"date":"2024-06-02T00:22:44","date_gmt":"2024-06-01T22:22:44","guid":{"rendered":"https:\/\/centralmedia.rs\/?p=41623"},"modified":"2025-02-13T00:23:09","modified_gmt":"2025-02-12T23:23:09","slug":"svilajncani-na-prvom-mestu-4","status":"publish","type":"post","link":"https:\/\/centralmedia.rs\/index.php\/2024\/06\/02\/svilajncani-na-prvom-mestu-4\/","title":{"rendered":"SVILAJN\u010cANI NA PRVOM MESTU"},"content":{"rendered":"\n<p>Op\u0161tina Svilajnac je pokrenula projekat SVILAJN\u010cANI NA PRVOM MESTU po\u010detkom 2018&nbsp; godine. Po\u010delo je sa osnivanjem KORISNI\u010cKOG CENTRA, prostorije biv\u0161e MZ Svilajnac, gde su Svilajn\u010dani dobijali neophodne informacije o projektu, programima i povlasticama.<\/p>\n\n\n\n<figure class=\"wp-block-image size-full\"><img loading=\"lazy\" decoding=\"async\" width=\"678\" height=\"960\" src=\"http:\/\/centralmedia.rs\/wp-content\/uploads\/2018\/03\/plakat.jpg\" alt=\"\" class=\"wp-image-11487\" srcset=\"https:\/\/centralmedia.rs\/wp-content\/uploads\/2018\/03\/plakat.jpg 678w, https:\/\/centralmedia.rs\/wp-content\/uploads\/2018\/03\/plakat-212x300.jpg 212w\" sizes=\"(max-width: 678px) 100vw, 678px\" \/><\/figure>\n\n\n\n<p>Zainteresovani gra\u0111ani su radnim danima od 8 do 16 \u010dasova, u KORISNI\u010cKOM CENTRU, po\u010deli da se prijavljuju i dobiju svoju SVILAJNA\u010cKU KARTICU. Kartica je besplatna i mo\u017ee da je dobije svaki punoletni gra\u0111anin Svilajnca koji ima prebivali\u0161te na teritoriji op\u0161tine Svilajnac, kao i deca i mladi uz saglasnost roditelja. Prema tada\u0161njem saop\u0161tenju lokalne vlasti, cilj projekta je direktna pomo\u0107 i podr\u0161ka gra\u0111anima op\u0161tine Svilajnac kroz obezbe\u0111ivanje popusta u maloprodajnim i uslu\u017enim objektima i organizovanjem besplatnih programa u edukativnim, turisti\u010dkim, sportskim ustanovama i ustanovama kulture. Od tada do danas gra\u0111anima Svilajnca uru\u010deno je desetak hiljada Svilajna\u010dkih kartica, sprovedeno vi\u0161e stotina programa u koje su uklju\u010dena kompletna populacije od 7 do 77 ili 107 godina.<\/p>\n\n\n\n<figure class=\"wp-block-gallery has-nested-images columns-default is-cropped wp-block-gallery-1 is-layout-flex wp-block-gallery-is-layout-flex\">\n<figure class=\"wp-block-image size-large\"><img loading=\"lazy\" decoding=\"async\" width=\"900\" height=\"600\" data-id=\"11423\" src=\"https:\/\/centralmedia.rs\/wp-content\/uploads\/2018\/03\/bebe-3.jpg\" alt=\"\" class=\"wp-image-11423\" srcset=\"https:\/\/centralmedia.rs\/wp-content\/uploads\/2018\/03\/bebe-3.jpg 900w, https:\/\/centralmedia.rs\/wp-content\/uploads\/2018\/03\/bebe-3-300x200.jpg 300w, https:\/\/centralmedia.rs\/wp-content\/uploads\/2018\/03\/bebe-3-768x512.jpg 768w\" sizes=\"(max-width: 900px) 100vw, 900px\" \/><\/figure>\n\n\n\n<figure class=\"wp-block-image size-large\"><img loading=\"lazy\" decoding=\"async\" width=\"900\" height=\"600\" data-id=\"11422\" src=\"https:\/\/centralmedia.rs\/wp-content\/uploads\/2018\/03\/bebe-2.jpg\" alt=\"\" class=\"wp-image-11422\" srcset=\"https:\/\/centralmedia.rs\/wp-content\/uploads\/2018\/03\/bebe-2.jpg 900w, https:\/\/centralmedia.rs\/wp-content\/uploads\/2018\/03\/bebe-2-300x200.jpg 300w, https:\/\/centralmedia.rs\/wp-content\/uploads\/2018\/03\/bebe-2-768x512.jpg 768w\" sizes=\"(max-width: 900px) 100vw, 900px\" \/><\/figure>\n\n\n\n<figure class=\"wp-block-image size-large\"><img loading=\"lazy\" decoding=\"async\" width=\"900\" height=\"600\" data-id=\"11421\" src=\"https:\/\/centralmedia.rs\/wp-content\/uploads\/2018\/03\/bebe-1.jpg\" alt=\"\" class=\"wp-image-11421\" srcset=\"https:\/\/centralmedia.rs\/wp-content\/uploads\/2018\/03\/bebe-1.jpg 900w, https:\/\/centralmedia.rs\/wp-content\/uploads\/2018\/03\/bebe-1-300x200.jpg 300w, https:\/\/centralmedia.rs\/wp-content\/uploads\/2018\/03\/bebe-1-768x512.jpg 768w\" sizes=\"(max-width: 900px) 100vw, 900px\" \/><\/figure>\n\n\n\n<figure class=\"wp-block-image size-large\"><img loading=\"lazy\" decoding=\"async\" width=\"900\" height=\"436\" data-id=\"11420\" src=\"https:\/\/centralmedia.rs\/wp-content\/uploads\/2018\/03\/bebe.jpg\" alt=\"\" class=\"wp-image-11420\" srcset=\"https:\/\/centralmedia.rs\/wp-content\/uploads\/2018\/03\/bebe.jpg 900w, https:\/\/centralmedia.rs\/wp-content\/uploads\/2018\/03\/bebe-300x145.jpg 300w, https:\/\/centralmedia.rs\/wp-content\/uploads\/2018\/03\/bebe-768x372.jpg 768w\" sizes=\"(max-width: 900px) 100vw, 900px\" \/><figcaption class=\"wp-element-caption\">Bebama na dar<\/figcaption><\/figure>\n<\/figure>\n\n\n\n<p>Serijom tekstova Central media potseti\u0107e na po\u010detak tog uspe\u0161nog projekta i njegov razvoj kroz mesece i godine.&nbsp;&nbsp;<\/p>\n","protected":false},"excerpt":{"rendered":"<p>Op\u0161tina Svilajnac je pokrenula projekat SVILAJN\u010cANI NA PRVOM MESTU po\u010detkom 2018&nbsp; godine. Po\u010delo je sa osnivanjem KORISNI\u010cKOG CENTRA, prostorije biv\u0161e MZ Svilajnac, gde su Svilajn\u010dani &hellip; <\/p>\n","protected":false},"author":2,"featured_media":11487,"comment_status":"closed","ping_status":"open","sticky":false,"template":"","format":"standard","meta":{"footnotes":""},"categories":[14,1524,2,887,12,1517,5785],"tags":[6903,38],"_links":{"self":[{"href":"https:\/\/centralmedia.rs\/index.php\/wp-json\/wp\/v2\/posts\/41623"}],"collection":[{"href":"https:\/\/centralmedia.rs\/index.php\/wp-json\/wp\/v2\/posts"}],"about":[{"href":"https:\/\/centralmedia.rs\/index.php\/wp-json\/wp\/v2\/types\/post"}],"author":[{"embeddable":true,"href":"https:\/\/centralmedia.rs\/index.php\/wp-json\/wp\/v2\/users\/2"}],"replies":[{"embeddable":true,"href":"https:\/\/centralmedia.rs\/index.php\/wp-json\/wp\/v2\/comments?post=41623"}],"version-history":[{"count":1,"href":"https:\/\/centralmedia.rs\/index.php\/wp-json\/wp\/v2\/posts\/41623\/revisions"}],"predecessor-version":[{"id":41624,"href":"https:\/\/centralmedia.rs\/index.php\/wp-json\/wp\/v2\/posts\/41623\/revisions\/41624"}],"wp:featuredmedia":[{"embeddable":true,"href":"https:\/\/centralmedia.rs\/index.php\/wp-json\/wp\/v2\/media\/11487"}],"wp:attachment":[{"href":"https:\/\/centralmedia.rs\/index.php\/wp-json\/wp\/v2\/media?parent=41623"}],"wp:term":[{"taxonomy":"category","embeddable":true,"href":"https:\/\/centralmedia.rs\/index.php\/wp-json\/wp\/v2\/categories?post=41623"},{"taxonomy":"post_tag","embeddable":true,"href":"https:\/\/centralmedia.rs\/index.php\/wp-json\/wp\/v2\/tags?post=41623"}],"curies":[{"name":"wp","href":"https:\/\/api.w.org\/{rel}","templated":true}]}}