{"id":41627,"date":"2024-06-16T00:32:21","date_gmt":"2024-06-15T22:32:21","guid":{"rendered":"https:\/\/centralmedia.rs\/?p=41627"},"modified":"2025-02-13T00:32:47","modified_gmt":"2025-02-12T23:32:47","slug":"otvoren-korisnicki-centar-u-svilajncu-svilajnacka-kartica-za-besplatne-programe-i-usluge","status":"publish","type":"post","link":"https:\/\/centralmedia.rs\/index.php\/2024\/06\/16\/otvoren-korisnicki-centar-u-svilajncu-svilajnacka-kartica-za-besplatne-programe-i-usluge\/","title":{"rendered":"OTVOREN KORISNI\u010cKI CENTAR U SVILAJNCU \u2013 SVILAJNA\u010cKA KARTICA ZA BESPLATNE PROGRAME I USLUGE"},"content":{"rendered":"\n<p>SVILAJNAC- Korisni\u010dki centar otvoren je 15. marta 2018. u Svilajncu, a gra\u0111ani \u0107e uz ,,Svilajna\u010dku karticu\u201d &nbsp;mo\u0107i da dobiju popuste u maloprodajnim i uslu\u017enim objektima, kao i besplatne programe u kulturnim, edukativnim, turisti\u010dkim i sportskim ustanovama. Projekat &nbsp;,,Svilajn\u010dani na prvom mestu\u201d relaizuje lokalna samouprava.<\/p>\n\n\n\n<figure class=\"wp-block-gallery has-nested-images columns-default is-cropped wp-block-gallery-1 is-layout-flex wp-block-gallery-is-layout-flex\">\n<figure class=\"wp-block-image size-large\"><img loading=\"lazy\" decoding=\"async\" width=\"1024\" height=\"768\" data-id=\"41629\" src=\"https:\/\/centralmedia.rs\/wp-content\/uploads\/2025\/02\/DSCN9232-1024x768.jpg\" alt=\"\" class=\"wp-image-41629\" srcset=\"https:\/\/centralmedia.rs\/wp-content\/uploads\/2025\/02\/DSCN9232-1024x768.jpg 1024w, https:\/\/centralmedia.rs\/wp-content\/uploads\/2025\/02\/DSCN9232-300x225.jpg 300w, https:\/\/centralmedia.rs\/wp-content\/uploads\/2025\/02\/DSCN9232-768x576.jpg 768w, https:\/\/centralmedia.rs\/wp-content\/uploads\/2025\/02\/DSCN9232-1536x1152.jpg 1536w, https:\/\/centralmedia.rs\/wp-content\/uploads\/2025\/02\/DSCN9232-2048x1536.jpg 2048w\" sizes=\"(max-width: 1024px) 100vw, 1024px\" \/><\/figure>\n\n\n\n<figure class=\"wp-block-image size-large\"><img loading=\"lazy\" decoding=\"async\" width=\"1024\" height=\"768\" data-id=\"41630\" src=\"https:\/\/centralmedia.rs\/wp-content\/uploads\/2025\/02\/DSCN9233-1024x768.jpg\" alt=\"\" class=\"wp-image-41630\" srcset=\"https:\/\/centralmedia.rs\/wp-content\/uploads\/2025\/02\/DSCN9233-1024x768.jpg 1024w, https:\/\/centralmedia.rs\/wp-content\/uploads\/2025\/02\/DSCN9233-300x225.jpg 300w, https:\/\/centralmedia.rs\/wp-content\/uploads\/2025\/02\/DSCN9233-768x576.jpg 768w, https:\/\/centralmedia.rs\/wp-content\/uploads\/2025\/02\/DSCN9233-1536x1152.jpg 1536w, https:\/\/centralmedia.rs\/wp-content\/uploads\/2025\/02\/DSCN9233-2048x1536.jpg 2048w\" sizes=\"(max-width: 1024px) 100vw, 1024px\" \/><\/figure>\n\n\n\n<figure class=\"wp-block-image size-large\"><img loading=\"lazy\" decoding=\"async\" width=\"1024\" height=\"768\" data-id=\"41631\" src=\"https:\/\/centralmedia.rs\/wp-content\/uploads\/2025\/02\/DSCN9234-1024x768.jpg\" alt=\"\" class=\"wp-image-41631\" srcset=\"https:\/\/centralmedia.rs\/wp-content\/uploads\/2025\/02\/DSCN9234-1024x768.jpg 1024w, https:\/\/centralmedia.rs\/wp-content\/uploads\/2025\/02\/DSCN9234-300x225.jpg 300w, https:\/\/centralmedia.rs\/wp-content\/uploads\/2025\/02\/DSCN9234-768x576.jpg 768w, https:\/\/centralmedia.rs\/wp-content\/uploads\/2025\/02\/DSCN9234-1536x1152.jpg 1536w, https:\/\/centralmedia.rs\/wp-content\/uploads\/2025\/02\/DSCN9234-2048x1536.jpg 2048w\" sizes=\"(max-width: 1024px) 100vw, 1024px\" \/><\/figure>\n<\/figure>\n\n\n\n<p>-Pre deset godina bili smo u manjem broju kada smo pokretali projekat nove Industrijske zone, mnogi su bili skepti\u010dni, ali rezultat tog posla je dana\u0161nji dan. Stvorili smo novu vrednost koju mo\u017eemo da darujemo gra\u0111anima. Programi su besplatni za gra\u0111ane, me\u0111utim, to neko pla\u0107a, odnosno bud\u017eet op\u0161tine. U bud\u017eetu op\u0161tine Svilajnac ima dovoljno novca da mo\u017eemo svim kategorijama &nbsp;stanovni\u0161tva da iza\u0111emo u susret i pomognemo&nbsp; da svi zajedno bolje \u017eivimo. Relizacija posla kre\u0107e danas i nema kraja, traja\u0107e dok god je Svilajnca i Svilajn\u010dana. &nbsp;O\u010dekujem da se programi Korisni\u010dkog centra \u0161ire, da imamo \u0161to vi\u0161e korisnika. &nbsp;O\u010dekujem da svi gra\u0111ani Svilajnca budu korisnici, kao i da se aktivno uklju\u010di sva privreda. Stvorili smo uslove, zahvaljuju\u0107i obnovljivoj privredi, da imamo vi\u0161ak vrednosti u bud\u017eetu i da mo\u017eemo da finansiramo programe, rekao je predsednik te op\u0161tine Predrag Milanovi\u0107.<\/p>\n\n\n\n<p>Projekat ima i drugi zadatak, a to je da mladi ljudi, koji \u0107e ga realizovati, dobiju radna mesta, rade posao za koji su se \u0161kolovali i zarade.<\/p>\n\n\n\n<p>-Penzioneri nije ta\u010dno da niko ne vodi ra\u010duna o vama, ta\u010dno je da mi vodimo ra\u010duna o vama, ta\u010dno je da ono \u0161to se izdvajali za bud\u017eet sada vam se vra\u0107a. Trudi\u0107emo se vratimo dobrim delom, da bolje \u017eivite va\u0161e tre\u0107e doba jer to \u010deka sve nas. Svilajnac \u0107e od ove godine biti najlep\u0161e mesto za \u017eivot u Srbiji, istakao je Milanovi\u0107.<\/p>\n\n\n\n<p>,,Svilajna\u010dka kartica\u201d je besplatna i mo\u017ee da je dobije svaki punoletni gra\u0111anin Svilajnca koji ima prebivali\u0161te na teritoriji op\u0161tine Svilajnac, kao i deca i mladi uz saglasnost roditelja.<\/p>\n","protected":false},"excerpt":{"rendered":"<p>SVILAJNAC- Korisni\u010dki centar otvoren je 15. marta 2018. u Svilajncu, a gra\u0111ani \u0107e uz ,,Svilajna\u010dku karticu\u201d &nbsp;mo\u0107i da dobiju popuste u maloprodajnim i uslu\u017enim objektima, &hellip; <\/p>\n","protected":false},"author":2,"featured_media":41628,"comment_status":"open","ping_status":"open","sticky":false,"template":"","format":"standard","meta":{"footnotes":""},"categories":[14,1524,2,887,12,1517,5785],"tags":[6903,38],"_links":{"self":[{"href":"https:\/\/centralmedia.rs\/index.php\/wp-json\/wp\/v2\/posts\/41627"}],"collection":[{"href":"https:\/\/centralmedia.rs\/index.php\/wp-json\/wp\/v2\/posts"}],"about":[{"href":"https:\/\/centralmedia.rs\/index.php\/wp-json\/wp\/v2\/types\/post"}],"author":[{"embeddable":true,"href":"https:\/\/centralmedia.rs\/index.php\/wp-json\/wp\/v2\/users\/2"}],"replies":[{"embeddable":true,"href":"https:\/\/centralmedia.rs\/index.php\/wp-json\/wp\/v2\/comments?post=41627"}],"version-history":[{"count":1,"href":"https:\/\/centralmedia.rs\/index.php\/wp-json\/wp\/v2\/posts\/41627\/revisions"}],"predecessor-version":[{"id":41632,"href":"https:\/\/centralmedia.rs\/index.php\/wp-json\/wp\/v2\/posts\/41627\/revisions\/41632"}],"wp:featuredmedia":[{"embeddable":true,"href":"https:\/\/centralmedia.rs\/index.php\/wp-json\/wp\/v2\/media\/41628"}],"wp:attachment":[{"href":"https:\/\/centralmedia.rs\/index.php\/wp-json\/wp\/v2\/media?parent=41627"}],"wp:term":[{"taxonomy":"category","embeddable":true,"href":"https:\/\/centralmedia.rs\/index.php\/wp-json\/wp\/v2\/categories?post=41627"},{"taxonomy":"post_tag","embeddable":true,"href":"https:\/\/centralmedia.rs\/index.php\/wp-json\/wp\/v2\/tags?post=41627"}],"curies":[{"name":"wp","href":"https:\/\/api.w.org\/{rel}","templated":true}]}}