{"id":41655,"date":"2024-08-14T08:26:51","date_gmt":"2024-08-14T06:26:51","guid":{"rendered":"https:\/\/centralmedia.rs\/?p=41655"},"modified":"2025-02-13T08:27:10","modified_gmt":"2025-02-13T07:27:10","slug":"predavanje-o-korektivnoj-gimnastici","status":"publish","type":"post","link":"https:\/\/centralmedia.rs\/index.php\/2024\/08\/14\/predavanje-o-korektivnoj-gimnastici\/","title":{"rendered":"PREDAVANJE O KOREKTIVNOJ GIMNASTICI"},"content":{"rendered":"\n<p>U subotu 05.maja 2018. u bioskopskoj sali Prirodnja\u010dkog centra Srbije u terminima od 17 \u010dasova i od 18 \u010dasova odr\u017eano je predavanje o zna\u010daju korektivne gimnastike.<\/p>\n\n\n\n<figure class=\"wp-block-gallery has-nested-images columns-default is-cropped wp-block-gallery-1 is-layout-flex wp-block-gallery-is-layout-flex\">\n<figure class=\"wp-block-image size-large\"><img loading=\"lazy\" decoding=\"async\" width=\"1024\" height=\"683\" data-id=\"11796\" src=\"https:\/\/centralmedia.rs\/wp-content\/uploads\/2018\/04\/sport-2-1024x683.jpg\" alt=\"\" class=\"wp-image-11796\" srcset=\"https:\/\/centralmedia.rs\/wp-content\/uploads\/2018\/04\/sport-2-1024x683.jpg 1024w, https:\/\/centralmedia.rs\/wp-content\/uploads\/2018\/04\/sport-2-300x200.jpg 300w, https:\/\/centralmedia.rs\/wp-content\/uploads\/2018\/04\/sport-2-768x512.jpg 768w, https:\/\/centralmedia.rs\/wp-content\/uploads\/2018\/04\/sport-2.jpg 2048w\" sizes=\"(max-width: 1024px) 100vw, 1024px\" \/><\/figure>\n\n\n\n<figure class=\"wp-block-image size-large\"><img loading=\"lazy\" decoding=\"async\" width=\"1024\" height=\"683\" data-id=\"11795\" src=\"https:\/\/centralmedia.rs\/wp-content\/uploads\/2018\/04\/sport-1-1024x683.jpg\" alt=\"\" class=\"wp-image-11795\" srcset=\"https:\/\/centralmedia.rs\/wp-content\/uploads\/2018\/04\/sport-1-1024x683.jpg 1024w, https:\/\/centralmedia.rs\/wp-content\/uploads\/2018\/04\/sport-1-300x200.jpg 300w, https:\/\/centralmedia.rs\/wp-content\/uploads\/2018\/04\/sport-1-768x512.jpg 768w, https:\/\/centralmedia.rs\/wp-content\/uploads\/2018\/04\/sport-1.jpg 2048w\" sizes=\"(max-width: 1024px) 100vw, 1024px\" \/><\/figure>\n<\/figure>\n\n\n\n<p>Korektivna gimnastika je besplatni program Korisni\u010dkog centra Svilajnac namenjen deci \u0161kolskog uzrasta i sprovodi\u0107e se od naredne nedelje.<\/p>\n\n\n\n<p>Predavanju prisustvovao veliki broj dece i roditelja kako bi bolje razumeli zna\u010daj ovog programa i koliko je va\u017eno za rast i razvoj dece da se bave ovom aktivno\u0161\u0107u.<\/p>\n\n\n\n<p>Korektivna gimnastika se nametnula kao program zbog izuzetno lo\u0161i rezultata sistematskih pregleda kod dece, ustanovljen je veliki procenat deformiteta kod dece \u0161kolskog uzrasta. U tom smislu korektivna gimnastika ima odli\u010dne rezultate kod dece, jer usvajaju zdrave navike.<\/p>\n","protected":false},"excerpt":{"rendered":"<p>U subotu 05.maja 2018. u bioskopskoj sali Prirodnja\u010dkog centra Srbije u terminima od 17 \u010dasova i od 18 \u010dasova odr\u017eano je predavanje o zna\u010daju korektivne &hellip; <\/p>\n","protected":false},"author":2,"featured_media":11797,"comment_status":"closed","ping_status":"open","sticky":false,"template":"","format":"standard","meta":{"footnotes":""},"categories":[14,887,12,5785],"tags":[6903,6904],"_links":{"self":[{"href":"https:\/\/centralmedia.rs\/index.php\/wp-json\/wp\/v2\/posts\/41655"}],"collection":[{"href":"https:\/\/centralmedia.rs\/index.php\/wp-json\/wp\/v2\/posts"}],"about":[{"href":"https:\/\/centralmedia.rs\/index.php\/wp-json\/wp\/v2\/types\/post"}],"author":[{"embeddable":true,"href":"https:\/\/centralmedia.rs\/index.php\/wp-json\/wp\/v2\/users\/2"}],"replies":[{"embeddable":true,"href":"https:\/\/centralmedia.rs\/index.php\/wp-json\/wp\/v2\/comments?post=41655"}],"version-history":[{"count":1,"href":"https:\/\/centralmedia.rs\/index.php\/wp-json\/wp\/v2\/posts\/41655\/revisions"}],"predecessor-version":[{"id":41656,"href":"https:\/\/centralmedia.rs\/index.php\/wp-json\/wp\/v2\/posts\/41655\/revisions\/41656"}],"wp:featuredmedia":[{"embeddable":true,"href":"https:\/\/centralmedia.rs\/index.php\/wp-json\/wp\/v2\/media\/11797"}],"wp:attachment":[{"href":"https:\/\/centralmedia.rs\/index.php\/wp-json\/wp\/v2\/media?parent=41655"}],"wp:term":[{"taxonomy":"category","embeddable":true,"href":"https:\/\/centralmedia.rs\/index.php\/wp-json\/wp\/v2\/categories?post=41655"},{"taxonomy":"post_tag","embeddable":true,"href":"https:\/\/centralmedia.rs\/index.php\/wp-json\/wp\/v2\/tags?post=41655"}],"curies":[{"name":"wp","href":"https:\/\/api.w.org\/{rel}","templated":true}]}}