{"id":41690,"date":"2024-09-21T08:49:15","date_gmt":"2024-09-21T06:49:15","guid":{"rendered":"https:\/\/centralmedia.rs\/?p=41690"},"modified":"2025-02-13T08:49:33","modified_gmt":"2025-02-13T07:49:33","slug":"besplatni-akva-bik-u-svilajncu-2","status":"publish","type":"post","link":"https:\/\/centralmedia.rs\/index.php\/2024\/09\/21\/besplatni-akva-bik-u-svilajncu-2\/","title":{"rendered":"BESPLATNI AKVA BIK U SVILAJNCU"},"content":{"rendered":"\n<p>SVILAJNAC- U okviru projekta \u201cSvilajn\u010dani na prvom mestu\u201d op\u0161tina Svilajnac organizovala je tokom leta 2018.&nbsp; BESPLATNI AKVABIK \u2013 AEROBIK U VODI za sve \u017eene koje poseduju svilajna\u010dku karticu.<\/p>\n\n\n\n<figure class=\"wp-block-gallery has-nested-images columns-default is-cropped wp-block-gallery-1 is-layout-flex wp-block-gallery-is-layout-flex\">\n<figure class=\"wp-block-image size-large\"><img loading=\"lazy\" decoding=\"async\" width=\"800\" height=\"465\" data-id=\"12674\" src=\"https:\/\/centralmedia.rs\/wp-content\/uploads\/2018\/06\/bazen.jpg\" alt=\"\" class=\"wp-image-12674\" srcset=\"https:\/\/centralmedia.rs\/wp-content\/uploads\/2018\/06\/bazen.jpg 800w, https:\/\/centralmedia.rs\/wp-content\/uploads\/2018\/06\/bazen-300x174.jpg 300w, https:\/\/centralmedia.rs\/wp-content\/uploads\/2018\/06\/bazen-768x446.jpg 768w\" sizes=\"(max-width: 800px) 100vw, 800px\" \/><\/figure>\n\n\n\n<figure class=\"wp-block-image size-large\"><img loading=\"lazy\" decoding=\"async\" width=\"900\" height=\"600\" data-id=\"12692\" src=\"https:\/\/centralmedia.rs\/wp-content\/uploads\/2018\/06\/bazen-1.jpg\" alt=\"\" class=\"wp-image-12692\" srcset=\"https:\/\/centralmedia.rs\/wp-content\/uploads\/2018\/06\/bazen-1.jpg 900w, https:\/\/centralmedia.rs\/wp-content\/uploads\/2018\/06\/bazen-1-300x200.jpg 300w, https:\/\/centralmedia.rs\/wp-content\/uploads\/2018\/06\/bazen-1-768x512.jpg 768w\" sizes=\"(max-width: 900px) 100vw, 900px\" \/><\/figure>\n<\/figure>\n\n\n\n<p>Akvabik je realizovan od 9. jula na gradskim bazenima. Prijavljivanje se vr\u0161ilo tokom juna u Korisni\u010dkom centru u ulici 27. marta 2, svakog radnog dana od 8 do 16 \u010dasova i subotom od 8 do 14 \u010dasova.<\/p>\n\n\n\n<p>Prijave su se mogu obavljale i u svim mesnim kancelarijama na teritoriji op\u0161tine.<\/p>\n\n\n\n<p>Detaljnije informacije<\/p>\n\n\n\n<p>035\/312-311 i 065\/31 23 111.<\/p>\n","protected":false},"excerpt":{"rendered":"<p>SVILAJNAC- U okviru projekta \u201cSvilajn\u010dani na prvom mestu\u201d op\u0161tina Svilajnac organizovala je tokom leta 2018.&nbsp; BESPLATNI AKVABIK \u2013 AEROBIK U VODI za sve \u017eene koje &hellip; <\/p>\n","protected":false},"author":2,"featured_media":27231,"comment_status":"closed","ping_status":"open","sticky":false,"template":"","format":"standard","meta":{"footnotes":""},"categories":[14,887,12,5785],"tags":[6903,38],"_links":{"self":[{"href":"https:\/\/centralmedia.rs\/index.php\/wp-json\/wp\/v2\/posts\/41690"}],"collection":[{"href":"https:\/\/centralmedia.rs\/index.php\/wp-json\/wp\/v2\/posts"}],"about":[{"href":"https:\/\/centralmedia.rs\/index.php\/wp-json\/wp\/v2\/types\/post"}],"author":[{"embeddable":true,"href":"https:\/\/centralmedia.rs\/index.php\/wp-json\/wp\/v2\/users\/2"}],"replies":[{"embeddable":true,"href":"https:\/\/centralmedia.rs\/index.php\/wp-json\/wp\/v2\/comments?post=41690"}],"version-history":[{"count":1,"href":"https:\/\/centralmedia.rs\/index.php\/wp-json\/wp\/v2\/posts\/41690\/revisions"}],"predecessor-version":[{"id":41691,"href":"https:\/\/centralmedia.rs\/index.php\/wp-json\/wp\/v2\/posts\/41690\/revisions\/41691"}],"wp:featuredmedia":[{"embeddable":true,"href":"https:\/\/centralmedia.rs\/index.php\/wp-json\/wp\/v2\/media\/27231"}],"wp:attachment":[{"href":"https:\/\/centralmedia.rs\/index.php\/wp-json\/wp\/v2\/media?parent=41690"}],"wp:term":[{"taxonomy":"category","embeddable":true,"href":"https:\/\/centralmedia.rs\/index.php\/wp-json\/wp\/v2\/categories?post=41690"},{"taxonomy":"post_tag","embeddable":true,"href":"https:\/\/centralmedia.rs\/index.php\/wp-json\/wp\/v2\/tags?post=41690"}],"curies":[{"name":"wp","href":"https:\/\/api.w.org\/{rel}","templated":true}]}}