{"id":41844,"date":"2025-02-16T09:10:38","date_gmt":"2025-02-16T08:10:38","guid":{"rendered":"https:\/\/centralmedia.rs\/?p=41844"},"modified":"2025-02-16T09:10:39","modified_gmt":"2025-02-16T08:10:39","slug":"deklaracija-o-vojvodini-usvojena-aklamacijom-u-sremskoj-mitrovici-vucic-pobedila-je-srbija-propala-im-je-obojena-revolucija","status":"publish","type":"post","link":"https:\/\/centralmedia.rs\/index.php\/2025\/02\/16\/deklaracija-o-vojvodini-usvojena-aklamacijom-u-sremskoj-mitrovici-vucic-pobedila-je-srbija-propala-im-je-obojena-revolucija\/","title":{"rendered":"Deklaracija o Vojvodini usvojena aklamacijom u Sremskoj Mitrovici, Vu\u010di\u0107: Pobedila je Srbija, propala im je obojena revolucija"},"content":{"rendered":"\n<p>Foto SNS<\/p>\n\n\n\n<figure class=\"wp-block-gallery has-nested-images columns-default is-cropped wp-block-gallery-1 is-layout-flex wp-block-gallery-is-layout-flex\">\n<figure class=\"wp-block-image size-large\"><img loading=\"lazy\" decoding=\"async\" width=\"599\" height=\"409\" data-id=\"41846\" src=\"https:\/\/centralmedia.rs\/wp-content\/uploads\/2025\/02\/sns.jpg\" alt=\"\" class=\"wp-image-41846\" srcset=\"https:\/\/centralmedia.rs\/wp-content\/uploads\/2025\/02\/sns.jpg 599w, https:\/\/centralmedia.rs\/wp-content\/uploads\/2025\/02\/sns-300x205.jpg 300w\" sizes=\"(max-width: 599px) 100vw, 599px\" \/><\/figure>\n\n\n\n<figure class=\"wp-block-image size-large\"><img loading=\"lazy\" decoding=\"async\" width=\"1024\" height=\"683\" data-id=\"41848\" src=\"https:\/\/centralmedia.rs\/wp-content\/uploads\/2025\/02\/sns1-1024x683.jpg\" alt=\"\" class=\"wp-image-41848\" srcset=\"https:\/\/centralmedia.rs\/wp-content\/uploads\/2025\/02\/sns1-1024x683.jpg 1024w, https:\/\/centralmedia.rs\/wp-content\/uploads\/2025\/02\/sns1-300x200.jpg 300w, https:\/\/centralmedia.rs\/wp-content\/uploads\/2025\/02\/sns1-768x512.jpg 768w, https:\/\/centralmedia.rs\/wp-content\/uploads\/2025\/02\/sns1-600x400.jpg 600w, https:\/\/centralmedia.rs\/wp-content\/uploads\/2025\/02\/sns1.jpg 1200w\" sizes=\"(max-width: 1024px) 100vw, 1024px\" \/><\/figure>\n\n\n\n<figure class=\"wp-block-image size-large\"><img loading=\"lazy\" decoding=\"async\" width=\"1024\" height=\"683\" data-id=\"41847\" src=\"https:\/\/centralmedia.rs\/wp-content\/uploads\/2025\/02\/sns2-1024x683.jpg\" alt=\"\" class=\"wp-image-41847\" srcset=\"https:\/\/centralmedia.rs\/wp-content\/uploads\/2025\/02\/sns2-1024x683.jpg 1024w, https:\/\/centralmedia.rs\/wp-content\/uploads\/2025\/02\/sns2-300x200.jpg 300w, https:\/\/centralmedia.rs\/wp-content\/uploads\/2025\/02\/sns2-768x512.jpg 768w, https:\/\/centralmedia.rs\/wp-content\/uploads\/2025\/02\/sns2-600x400.jpg 600w, https:\/\/centralmedia.rs\/wp-content\/uploads\/2025\/02\/sns2.jpg 1200w\" sizes=\"(max-width: 1024px) 100vw, 1024px\" \/><\/figure>\n\n\n\n<figure class=\"wp-block-image size-large\"><img loading=\"lazy\" decoding=\"async\" width=\"1024\" height=\"683\" data-id=\"41849\" src=\"https:\/\/centralmedia.rs\/wp-content\/uploads\/2025\/02\/sns3-1024x683.jpg\" alt=\"\" class=\"wp-image-41849\" srcset=\"https:\/\/centralmedia.rs\/wp-content\/uploads\/2025\/02\/sns3-1024x683.jpg 1024w, https:\/\/centralmedia.rs\/wp-content\/uploads\/2025\/02\/sns3-300x200.jpg 300w, https:\/\/centralmedia.rs\/wp-content\/uploads\/2025\/02\/sns3-768x512.jpg 768w, https:\/\/centralmedia.rs\/wp-content\/uploads\/2025\/02\/sns3-600x400.jpg 600w, https:\/\/centralmedia.rs\/wp-content\/uploads\/2025\/02\/sns3.jpg 1200w\" sizes=\"(max-width: 1024px) 100vw, 1024px\" \/><\/figure>\n<\/figure>\n\n\n\n<figure class=\"wp-block-gallery has-nested-images columns-default is-cropped wp-block-gallery-2 is-layout-flex wp-block-gallery-is-layout-flex\">\n<figure class=\"wp-block-image size-large\"><img loading=\"lazy\" decoding=\"async\" width=\"1024\" height=\"576\" data-id=\"41850\" src=\"https:\/\/centralmedia.rs\/wp-content\/uploads\/2025\/02\/sns5-1024x576.jpg\" alt=\"\" class=\"wp-image-41850\" srcset=\"https:\/\/centralmedia.rs\/wp-content\/uploads\/2025\/02\/sns5-1024x576.jpg 1024w, https:\/\/centralmedia.rs\/wp-content\/uploads\/2025\/02\/sns5-300x169.jpg 300w, https:\/\/centralmedia.rs\/wp-content\/uploads\/2025\/02\/sns5-768x432.jpg 768w, https:\/\/centralmedia.rs\/wp-content\/uploads\/2025\/02\/sns5-820x460.jpg 820w, https:\/\/centralmedia.rs\/wp-content\/uploads\/2025\/02\/sns5.jpg 1200w\" sizes=\"(max-width: 1024px) 100vw, 1024px\" \/><\/figure>\n\n\n\n<figure class=\"wp-block-image size-large\"><img loading=\"lazy\" decoding=\"async\" width=\"1024\" height=\"683\" data-id=\"41851\" src=\"https:\/\/centralmedia.rs\/wp-content\/uploads\/2025\/02\/sns6-1024x683.jpg\" alt=\"\" class=\"wp-image-41851\" srcset=\"https:\/\/centralmedia.rs\/wp-content\/uploads\/2025\/02\/sns6-1024x683.jpg 1024w, https:\/\/centralmedia.rs\/wp-content\/uploads\/2025\/02\/sns6-300x200.jpg 300w, https:\/\/centralmedia.rs\/wp-content\/uploads\/2025\/02\/sns6-768x512.jpg 768w, https:\/\/centralmedia.rs\/wp-content\/uploads\/2025\/02\/sns6-600x400.jpg 600w, https:\/\/centralmedia.rs\/wp-content\/uploads\/2025\/02\/sns6.jpg 1200w\" sizes=\"(max-width: 1024px) 100vw, 1024px\" \/><\/figure>\n\n\n\n<figure class=\"wp-block-image size-large\"><img loading=\"lazy\" decoding=\"async\" width=\"1024\" height=\"576\" data-id=\"41852\" src=\"https:\/\/centralmedia.rs\/wp-content\/uploads\/2025\/02\/sns7-1024x576.jpg\" alt=\"\" class=\"wp-image-41852\" srcset=\"https:\/\/centralmedia.rs\/wp-content\/uploads\/2025\/02\/sns7-1024x576.jpg 1024w, https:\/\/centralmedia.rs\/wp-content\/uploads\/2025\/02\/sns7-300x169.jpg 300w, https:\/\/centralmedia.rs\/wp-content\/uploads\/2025\/02\/sns7-768x432.jpg 768w, https:\/\/centralmedia.rs\/wp-content\/uploads\/2025\/02\/sns7-820x460.jpg 820w, https:\/\/centralmedia.rs\/wp-content\/uploads\/2025\/02\/sns7.jpg 1200w\" sizes=\"(max-width: 1024px) 100vw, 1024px\" \/><\/figure>\n\n\n\n<figure class=\"wp-block-image size-large\"><img loading=\"lazy\" decoding=\"async\" width=\"1024\" height=\"680\" data-id=\"41853\" src=\"https:\/\/centralmedia.rs\/wp-content\/uploads\/2025\/02\/sns8-1024x680.jpg\" alt=\"\" class=\"wp-image-41853\" srcset=\"https:\/\/centralmedia.rs\/wp-content\/uploads\/2025\/02\/sns8-1024x680.jpg 1024w, https:\/\/centralmedia.rs\/wp-content\/uploads\/2025\/02\/sns8-300x199.jpg 300w, https:\/\/centralmedia.rs\/wp-content\/uploads\/2025\/02\/sns8-768x510.jpg 768w, https:\/\/centralmedia.rs\/wp-content\/uploads\/2025\/02\/sns8.jpg 1200w\" sizes=\"(max-width: 1024px) 100vw, 1024px\" \/><\/figure>\n<\/figure>\n\n\n\n<p>Na skupu u Sremskoj Mitrovici, na poziv predsednika Aleksandra Vu\u010di\u0107a, usvojena Deklaracija o Vojvodini. Predsednik Vu\u010di\u0107 rekao je da je Srbija ugro\u017eena spolja, a da im u tome poma\u017eu i mnogi iznutra koji bi da manipuli\u0161u decom u politi\u010dke svrhe.<\/p>\n\n\n\n<p>Na poziv predsednika Vu\u010di\u0107a, Deklaracija o Vojvodini usvojena je aklamacijom.<\/p>\n\n\n\n<p>&#8220;Sve ono \u0161to smo ve\u010daras govorili i sve \u0161to ste mogli da pro\u010ditate kroz jedan istorijski kontekst &#8211; do zaklju\u010dka da je Vojvodina Srbija i Srbija Vojvodina, aklamacijom prihvatite ovde&#8221;, poru\u010dio je Vu\u010di\u0107 \u0161to su okupljeni pozdravili aplauzom i uzvicima.<\/p>\n\n\n\n<p>&#8220;Imamo i mi svoje plenume i to mnogo ve\u0107e nego svi njihovi plenumi zajedno, istakao je Vu\u010di\u0107.&nbsp;On je zahvalio na\u0161em narodu u Republici Srpskoj i Crnoj Gori. &#8220;Vi ste snaga Srbije i vi ste mi sve i vi mi dajete snagu da se borim i bori\u0107u se kako nikada do sada videli niste i kako na\u0161i protivnici ne mogu ni da sanjaju&#8221;, poru\u010dio je Vu\u010di\u0107.<\/p>\n\n\n\n<p>Nakon Vu\u010di\u0107evog obra\u0107anja usledio je vatromet.<\/p>\n\n\n\n<p>U<strong>&nbsp;<\/strong>tekstu narodne Deklaracije o Vojvodini&nbsp;navodi se da je Vojvodina neraskidivi deo nacionalnog politi\u010dkog, ustavnog i kulturnog identiteta moderne Srbije i kao \u0161to Srbije nema bez Vojvodine, tako ni Vojvodina ne mo\u017ee postojati izvan Srbije.<\/p>\n\n\n\n<p>Deklaracija sadr\u017ei pet ta\u010daka.&nbsp;<strong>Prva ta\u010dka<\/strong>&nbsp;odnosi se na istorijski razvoj srpske Vojvodine,&nbsp;<strong>druga<\/strong>&nbsp;govori o kontinuiranim poku\u0161ajima etatizacije Vojvodine i nametanja ideje o tzv. vojvo\u0111anskoj naciji u kojoj se navodi da je bez istorijske osnove, socijalne, ekonomske i nacionalne opravdanosti, ve\u0161ta\u010dki stvoren vojvo\u0111anski sepratizam, eufemisti\u010dki je determisan kao &#8220;autonoma\u0161tvo&#8221;.<\/p>\n\n\n\n<p>U&nbsp;<strong>tre\u0107oj<\/strong>&nbsp;ta\u010dki govori se o ustavnopravnom polo\u017eaju Vojvodine posle Drugog svetskog rata &#8211; od autonomne pokrajine \u010dija automonija se \u0161iri preko kvazi federalne zajednice do povratka u ustavne okvire standardne politi\u010dko-teritorijalne automonije.<\/p>\n\n\n\n<p>U&nbsp;<strong>\u010detvrtoj<\/strong>&nbsp;ta\u010dki opisuje se zaustavljanje separatisti\u010dkih tendencija i vra\u0107anje AP Vojvodine u ustavne okvire (2012-2014).<\/p>\n\n\n\n<p>Tema&nbsp;<strong>pete<\/strong>&nbsp;ta\u010dke je Vojvodina kao multikulturalna, multinacionalna i multikofesionalna zajednica zasnovana na ravnopravnosti gra\u0111ana.<\/p>\n\n\n\n<p><strong>&#8220;Nova Vlada ima\u0107e najmanje 50 odsto novih ministara&#8221;<\/strong><\/p>\n\n\n\n<p>Predsednik Aleksandar Vu\u010di\u0107 izjavio je da prelazne vlade ne\u0107e biti, kao i da \u0107e nova vlada imati najmanje 50 odsto novih ministara.<\/p>\n\n\n\n<p>&#8220;Dok sam predsednik i dok se pitam prelazne vlade ne\u0107e biti, bi\u0107e srpska vlada i izabra\u0107e je Narodna skup\u0161tina i \u0161titi\u0107e interese Srbije, a ima\u0107e najmanje 50 odsto novih minstara, ali ne samo ministara ve\u0107 i direktora i svih ostalih rukovodilaca po dubini, zato \u0161to su nam potrebne promene&#8221;, poru\u010dio je Vu\u010di\u0107.<\/p>\n\n\n\n<p><strong>&#8220;Pozivam jo\u0161 jednom studente da razmisle o svojoj budu\u0107nosti&#8221;<\/strong><\/p>\n\n\n\n<p>Predsednik Vu\u010di\u0107 je poru\u010dio da su zahtevi studenata ispunjeni i pozvao ih da jo\u0161 jednom da razmisle o svojoj budu\u0107nosti.<\/p>\n\n\n\n<p>&#8220;Pozivam jo\u0161 jednom studente da razmisle o svojoj budu\u0107nosti, moje poverenje u njih je mnogo ve\u0107e nego u one koji su ih na ovo naterali, proglasite pobedu, dobili ste sve zahteve ispunjene, vratite se u klupe, ovoj zemlji je potrebno znanje&#8221;, poru\u010dio je Vu\u010di\u0107.<\/p>\n\n\n\n<p><strong>Vu\u010di\u0107: Tri razloga obojene revolucije<\/strong><\/p>\n\n\n\n<p>Predsednik Alkesandar Vu\u010di\u0107 rekao je da se Srbija promenila u odnosu na pre 12 godina &#8211; izgradila puteve&nbsp; i pruge, pove\u0107ala prose\u010dnu platu tri puta, smanjila nezaposlenost&#8230;<\/p>\n\n\n\n<p>&nbsp;Sada je, ka\u017ee, do\u0161lo vreme da Srbiju sru\u0161e.<\/p>\n\n\n\n<p>&#8220;E to je ono \u0161to je danas na ispitu. Mi pola\u017eemo ispit zrelosti. Jesmo li kao dr\u017eava dovoljno svesni da moramo da sa\u010duvamo svoju \u0161ansu za budu\u0107nost ili ne? Da li dovoljno dobro razumemo kojim putem Srbija mora da ide&#8221;, rekaa je predsednik.<\/p>\n\n\n\n<p>Rekao je da je u toku poku\u0161aj obojene revolucije i naveo tri razloga za to.<\/p>\n\n\n\n<p>Prvi razlog jeste taj \u0161to Srbija nije pristala na kapitulaciju i zato \u0161to Kosovo i Metohiju do\u017eivljava kao deo svoje teritorije, rekao je Vu\u010di\u0107 zahvaliv\u0161i se predstavnicima Srpske liste i ljudima sa KiM koji su danas u Sremskoj Mitrovici..<\/p>\n\n\n\n<p>Kao drugi razlog naveo je da poku\u0161avaju da smanje ekonomsku snagu Srbije, da vrate poslu\u0161nike na vlast; a tre\u0107i razlog je, kako ka\u017ee, Deklaracija o Vojvodini.<\/p>\n\n\n\n<p>Podsetio je da se do pre 12 ili 15 godina u Beogradu sednica vlade odr\u017eavala kada bi u ameri\u010dkoj ambasadi odobrili dnevni red.<\/p>\n\n\n\n<p>Naglasio je da danas ne smeju ni iz jedne ambasade, ni iz jedne zemlje na svetu, ne smeju ni da pomisle da pitaju za dnevni red u bilo kojoj instituciji u Srbiji.<\/p>\n\n\n\n<p>&#8220;Cilj je da Srbija bude nemo\u0107na, da Srbija bude slabija od svih. Uvek su ja\u010dali sve oko nas i tra\u017eili da Srbija bude slabija. I nemojte da pomislite da je bez razloga ovo re\u010deno i za\u0161to je va\u017ena narodna Deklaracija o Vojvodini. To je tre\u0107i razlog za poku\u0161aj obojene revolucije&#8221;, naglasio je Vu\u010di\u0107.<\/p>\n\n\n\n<figure class=\"wp-block-embed is-type-video is-provider-youtube wp-block-embed-youtube wp-embed-aspect-16-9 wp-has-aspect-ratio\"><div class=\"wp-block-embed__wrapper\">\n<iframe loading=\"lazy\" title=\"\u0412\u0443\u0447\u0438\u045b: \u0421\u0440\u0431\u0438\u0458\u0443 \u043d\u0435\u045b\u0435 \u043f\u043e\u0431\u0435\u0434\u0438\u0442\u0438, \u0421\u0440\u0431\u0438\u0458\u0430 \u045b\u0435 \u0431\u0438\u0442\u0438 \u0441\u0432\u0435 \u0458\u0430\u0447\u0430\" width=\"760\" height=\"428\" src=\"https:\/\/www.youtube.com\/embed\/FfDYv2ITvdY?feature=oembed\" frameborder=\"0\" allow=\"accelerometer; autoplay; clipboard-write; encrypted-media; gyroscope; picture-in-picture; web-share\" referrerpolicy=\"strict-origin-when-cross-origin\" allowfullscreen><\/iframe>\n<\/div><\/figure>\n","protected":false},"excerpt":{"rendered":"<p>Foto SNS Na skupu u Sremskoj Mitrovici, na poziv predsednika Aleksandra Vu\u010di\u0107a, usvojena Deklaracija o Vojvodini. Predsednik Vu\u010di\u0107 rekao je da je Srbija ugro\u017eena spolja, &hellip; <\/p>\n","protected":false},"author":1,"featured_media":41845,"comment_status":"closed","ping_status":"open","sticky":false,"template":"","format":"standard","meta":{"footnotes":""},"categories":[2,13,12],"tags":[6911,136,6912],"_links":{"self":[{"href":"https:\/\/centralmedia.rs\/index.php\/wp-json\/wp\/v2\/posts\/41844"}],"collection":[{"href":"https:\/\/centralmedia.rs\/index.php\/wp-json\/wp\/v2\/posts"}],"about":[{"href":"https:\/\/centralmedia.rs\/index.php\/wp-json\/wp\/v2\/types\/post"}],"author":[{"embeddable":true,"href":"https:\/\/centralmedia.rs\/index.php\/wp-json\/wp\/v2\/users\/1"}],"replies":[{"embeddable":true,"href":"https:\/\/centralmedia.rs\/index.php\/wp-json\/wp\/v2\/comments?post=41844"}],"version-history":[{"count":1,"href":"https:\/\/centralmedia.rs\/index.php\/wp-json\/wp\/v2\/posts\/41844\/revisions"}],"predecessor-version":[{"id":41854,"href":"https:\/\/centralmedia.rs\/index.php\/wp-json\/wp\/v2\/posts\/41844\/revisions\/41854"}],"wp:featuredmedia":[{"embeddable":true,"href":"https:\/\/centralmedia.rs\/index.php\/wp-json\/wp\/v2\/media\/41845"}],"wp:attachment":[{"href":"https:\/\/centralmedia.rs\/index.php\/wp-json\/wp\/v2\/media?parent=41844"}],"wp:term":[{"taxonomy":"category","embeddable":true,"href":"https:\/\/centralmedia.rs\/index.php\/wp-json\/wp\/v2\/categories?post=41844"},{"taxonomy":"post_tag","embeddable":true,"href":"https:\/\/centralmedia.rs\/index.php\/wp-json\/wp\/v2\/tags?post=41844"}],"curies":[{"name":"wp","href":"https:\/\/api.w.org\/{rel}","templated":true}]}}