{"id":41855,"date":"2025-02-16T09:08:26","date_gmt":"2025-02-16T08:08:26","guid":{"rendered":"https:\/\/centralmedia.rs\/?p=41855"},"modified":"2025-02-16T09:13:56","modified_gmt":"2025-02-16T08:13:56","slug":"jedinstvena-srbija-obelezila-21-godinu-postojanja-i-stranacku-slavu-prvi-put-bez-dragana-markovica-palme","status":"publish","type":"post","link":"https:\/\/centralmedia.rs\/index.php\/2025\/02\/16\/jedinstvena-srbija-obelezila-21-godinu-postojanja-i-stranacku-slavu-prvi-put-bez-dragana-markovica-palme\/","title":{"rendered":"JEDINSTVENA SRBIJA OBELE\u017dILA 21 GODINU POSTOJANjA I STRANA\u010cKU SLAVU PRVI PUT BEZ DRAGANA MARKOVI\u0106A PALME"},"content":{"rendered":"\n<p>U centrali Jedinstvene Srbije u Jagodini obele\u017eena je slava stranke Sretenje i 21 godina postojanja. <\/p>\n\n\n\n<figure class=\"wp-block-gallery has-nested-images columns-default is-cropped wp-block-gallery-1 is-layout-flex wp-block-gallery-is-layout-flex\">\n<figure class=\"wp-block-image size-large\"><img loading=\"lazy\" decoding=\"async\" width=\"1024\" height=\"699\" data-id=\"41857\" src=\"https:\/\/centralmedia.rs\/wp-content\/uploads\/2025\/02\/slava1-1024x699.jpg\" alt=\"\" class=\"wp-image-41857\" srcset=\"https:\/\/centralmedia.rs\/wp-content\/uploads\/2025\/02\/slava1-1024x699.jpg 1024w, https:\/\/centralmedia.rs\/wp-content\/uploads\/2025\/02\/slava1-300x205.jpg 300w, https:\/\/centralmedia.rs\/wp-content\/uploads\/2025\/02\/slava1-768x524.jpg 768w, https:\/\/centralmedia.rs\/wp-content\/uploads\/2025\/02\/slava1.jpg 1440w\" sizes=\"(max-width: 1024px) 100vw, 1024px\" \/><\/figure>\n\n\n\n<figure class=\"wp-block-image size-large\"><img loading=\"lazy\" decoding=\"async\" width=\"1024\" height=\"666\" data-id=\"41858\" src=\"https:\/\/centralmedia.rs\/wp-content\/uploads\/2025\/02\/slava2-1024x666.jpg\" alt=\"\" class=\"wp-image-41858\" srcset=\"https:\/\/centralmedia.rs\/wp-content\/uploads\/2025\/02\/slava2-1024x666.jpg 1024w, https:\/\/centralmedia.rs\/wp-content\/uploads\/2025\/02\/slava2-300x195.jpg 300w, https:\/\/centralmedia.rs\/wp-content\/uploads\/2025\/02\/slava2-768x500.jpg 768w, https:\/\/centralmedia.rs\/wp-content\/uploads\/2025\/02\/slava2.jpg 1440w\" sizes=\"(max-width: 1024px) 100vw, 1024px\" \/><\/figure>\n\n\n\n<figure class=\"wp-block-image size-large\"><img loading=\"lazy\" decoding=\"async\" width=\"1024\" height=\"768\" data-id=\"41859\" src=\"https:\/\/centralmedia.rs\/wp-content\/uploads\/2025\/02\/slava3-1024x768.jpg\" alt=\"\" class=\"wp-image-41859\" srcset=\"https:\/\/centralmedia.rs\/wp-content\/uploads\/2025\/02\/slava3-1024x768.jpg 1024w, https:\/\/centralmedia.rs\/wp-content\/uploads\/2025\/02\/slava3-300x225.jpg 300w, https:\/\/centralmedia.rs\/wp-content\/uploads\/2025\/02\/slava3-768x576.jpg 768w, https:\/\/centralmedia.rs\/wp-content\/uploads\/2025\/02\/slava3.jpg 1440w\" sizes=\"(max-width: 1024px) 100vw, 1024px\" \/><\/figure>\n<\/figure>\n\n\n\n<p>Ovo je prvi put od osnivanja da Jedinstvena Srbija slavu i ro\u0111endan obele\u017eava bez svog osniva\u010da i predsednika Dragana Markovi\u0107a Palme koji je preminuo 22. novembra pro\u0161le godine. Ovom doga\u0111aju prisustvovali su \u010dlanovi Predsedni\u0161tva Jedinstvene Srbije na \u010delu sa Daliborom Markovi\u0107em, narodni poslanici Jedinstvene Srbije i sin predsednika Socijalisti\u010dke partije Srbije i ministra unutra\u0161njih poslova Ivice Da\u010di\u0107a Luka Da\u010di\u0107. Jedinstvena Srbija osnovana je na Sretenje, 15. februara 2004. godine u Jagodini.<\/p>\n","protected":false},"excerpt":{"rendered":"<p>U centrali Jedinstvene Srbije u Jagodini obele\u017eena je slava stranke Sretenje i 21 godina postojanja. Ovo je prvi put od osnivanja da Jedinstvena Srbija slavu &hellip; <\/p>\n","protected":false},"author":2,"featured_media":41856,"comment_status":"closed","ping_status":"open","sticky":false,"template":"","format":"standard","meta":{"footnotes":""},"categories":[1524,2,1514,13,12],"tags":[702,2001,543],"_links":{"self":[{"href":"https:\/\/centralmedia.rs\/index.php\/wp-json\/wp\/v2\/posts\/41855"}],"collection":[{"href":"https:\/\/centralmedia.rs\/index.php\/wp-json\/wp\/v2\/posts"}],"about":[{"href":"https:\/\/centralmedia.rs\/index.php\/wp-json\/wp\/v2\/types\/post"}],"author":[{"embeddable":true,"href":"https:\/\/centralmedia.rs\/index.php\/wp-json\/wp\/v2\/users\/2"}],"replies":[{"embeddable":true,"href":"https:\/\/centralmedia.rs\/index.php\/wp-json\/wp\/v2\/comments?post=41855"}],"version-history":[{"count":1,"href":"https:\/\/centralmedia.rs\/index.php\/wp-json\/wp\/v2\/posts\/41855\/revisions"}],"predecessor-version":[{"id":41860,"href":"https:\/\/centralmedia.rs\/index.php\/wp-json\/wp\/v2\/posts\/41855\/revisions\/41860"}],"wp:featuredmedia":[{"embeddable":true,"href":"https:\/\/centralmedia.rs\/index.php\/wp-json\/wp\/v2\/media\/41856"}],"wp:attachment":[{"href":"https:\/\/centralmedia.rs\/index.php\/wp-json\/wp\/v2\/media?parent=41855"}],"wp:term":[{"taxonomy":"category","embeddable":true,"href":"https:\/\/centralmedia.rs\/index.php\/wp-json\/wp\/v2\/categories?post=41855"},{"taxonomy":"post_tag","embeddable":true,"href":"https:\/\/centralmedia.rs\/index.php\/wp-json\/wp\/v2\/tags?post=41855"}],"curies":[{"name":"wp","href":"https:\/\/api.w.org\/{rel}","templated":true}]}}