{"id":4188,"date":"2016-08-11T12:48:44","date_gmt":"2016-08-11T12:48:44","guid":{"rendered":"http:\/\/centralmedia.rs\/?p=4188"},"modified":"2016-08-11T13:09:28","modified_gmt":"2016-08-11T13:09:28","slug":"razgovor-slepih-i-gluvih-duguju-za-grejanje-a-idu-na-more","status":"publish","type":"post","link":"https:\/\/centralmedia.rs\/index.php\/2016\/08\/11\/razgovor-slepih-i-gluvih-duguju-za-grejanje-a-idu-na-more\/","title":{"rendered":"RAZGOVOR SLEPIH I ,,GLUVIH&#8221; &#8211; DUGUJU ZA GREJANJE A IDU NA MORE"},"content":{"rendered":"<p>JAGODINA-Me\u0111uop\u0161tinska organizacija slepih u Jagodini ve\u0107 dve i po godine je u velikim finansijskim problemima zbog dugova za grejanje, jer tu\u017ebe JP Toplana, koja je pod ingerencijom grada, \u00a0prete da ugase tu organizaciju, a, kako ka\u017eu slepa lica, gradska uprava nema sluha za re\u0161avanje njihovih problema, te se doga\u0111a da \u00a0ih u isto vreme utu\u017euju lokalna javna preduze\u0107a i da 57. \u010dlanova te organizacije ide na more u organizaciji grada.<\/p>\n<p>-Uputili smo predlog gradskoj upravi da novac za more preusmere na pla\u0107anje dugova za grejanje, jer JP Toplani dugujemo 650 hiljada dinara. Me\u0111utim dobili smo odgovor da ta transakcija nije mogu\u0107a i da \u0107e na\u0161i \u010dlanovi i\u0107i na more. Cena ko\u0161tanja odmora na moru je najmanje 100 evra, dakle re\u010d o 5.700 evra. Pla\u0161imo se da \u0107e sudski izvr\u0161ioci, koje anga\u017euje JP Toplana, da prodaju na\u0161e prostorije, pri\u010da ogor\u010deno predsednik udru\u017eenja Zoran Ajdukovi\u0107.<\/p>\n<div id='gallery-1' class='gallery galleryid-4188 gallery-columns-3 gallery-size-thumbnail'><figure class='gallery-item'>\n\t\t\t<div class='gallery-icon portrait'>\n\t\t\t\t<a href='https:\/\/centralmedia.rs\/index.php\/2016\/08\/11\/razgovor-slepih-i-gluvih-duguju-za-grejanje-a-idu-na-more\/pisma-udruzenja-poslata-na-sve-adrese-jagodina-g-j\/'><img loading=\"lazy\" decoding=\"async\" width=\"150\" height=\"150\" src=\"https:\/\/centralmedia.rs\/wp-content\/uploads\/2016\/08\/pisma-udruzenja-poslata-na-sve-adrese-jagodina-g.j.-150x150.jpg\" class=\"attachment-thumbnail size-thumbnail\" alt=\"\" aria-describedby=\"gallery-1-4190\" \/><\/a>\n\t\t\t<\/div>\n\t\t\t\t<figcaption class='wp-caption-text gallery-caption' id='gallery-1-4190'>\n\t\t\t\tUdru\u017eenje slepih moli za pomo\u0107 na raznim adresama\n\t\t\t\t<\/figcaption><\/figure><figure class='gallery-item'>\n\t\t\t<div class='gallery-icon portrait'>\n\t\t\t\t<a href='https:\/\/centralmedia.rs\/index.php\/2016\/08\/11\/razgovor-slepih-i-gluvih-duguju-za-grejanje-a-idu-na-more\/pismo-palmi-jagodina-g-j\/'><img loading=\"lazy\" decoding=\"async\" width=\"150\" height=\"150\" src=\"https:\/\/centralmedia.rs\/wp-content\/uploads\/2016\/08\/pismo-palmi-jagodina-g.j-150x150.jpg\" class=\"attachment-thumbnail size-thumbnail\" alt=\"\" aria-describedby=\"gallery-1-4191\" \/><\/a>\n\t\t\t<\/div>\n\t\t\t\t<figcaption class='wp-caption-text gallery-caption' id='gallery-1-4191'>\n\t\t\t\tPismo predsedniku Skup\u0161tine grada Jagodina\n\t\t\t\t<\/figcaption><\/figure><figure class='gallery-item'>\n\t\t\t<div class='gallery-icon landscape'>\n\t\t\t\t<a href='https:\/\/centralmedia.rs\/index.php\/2016\/08\/11\/razgovor-slepih-i-gluvih-duguju-za-grejanje-a-idu-na-more\/pismo-vucicu-jagodina-g-j\/'><img loading=\"lazy\" decoding=\"async\" width=\"150\" height=\"150\" src=\"https:\/\/centralmedia.rs\/wp-content\/uploads\/2016\/08\/pismo-vucicu-jagodina-g.j.-150x150.jpg\" class=\"attachment-thumbnail size-thumbnail\" alt=\"\" aria-describedby=\"gallery-1-4192\" \/><\/a>\n\t\t\t<\/div>\n\t\t\t\t<figcaption class='wp-caption-text gallery-caption' id='gallery-1-4192'>\n\t\t\t\tPismo predsedniku Vlade Srbije\n\t\t\t\t<\/figcaption><\/figure>\n\t\t<\/div>\n\n<p>On isti\u010de da su slepi uputili zahtev za hitan prijem kod gradna\u010delnika i predsednika skup\u0161tine zbog trajne nemogu\u0107nosti pla\u0107anja mese\u010dnih tro\u0161kova za komunalne ra\u010dune i administrativnog radnika. Bud\u017eetom je bilo predvi\u0111eno da ta organizacija pro\u0161le godine dobije 200 hiljada dinara,ali realizovano je oko 90 hiljada, \u0161to je malo u odnosu na godi\u0161nje ra\u010dune za grejanje od preko 120 hiljada dinara. Ove godine sli\u010dna je situacija.<\/p>\n<p>-Komunalna preduze\u0107a i grad nisu obavestili udru\u017eenje o prestanku subvencija za komunalne ra\u010dune \u010dlanova udru\u017eenja. \u010clanovi su to saznali kada su dobili opomene pred tu\u017ebu zbog nagomilanih ra\u010duna i od 18.000 dinara. Ako u okviru grada ne mo\u017eemo da re\u0161imo problem i\u0107i \u0107emo na vi\u0161e instance. U suprotnom zatvori\u0107emo savez, jer ovako vi\u0161e ne mo\u017eemo da funkcioni\u0161emo, izri\u010dit je Ajdukovi\u0107.<\/p>\n<p>Na\u010delnik Dru\u0161tvenih delatnosti u gradskoj upravi Marinko Kikli\u0107 ka\u017ee da Udru\u017eenje slepih ima regionalni status i da je poku\u0161an kontakt sa drugim lokalnim samoupravama oko re\u0161avanja nagomilanih problema.<\/p>\n<p>-Kazali su nam da je najve\u0107i deo \u010dlanova iz Jagodine, \u0161to je ta\u010dno. Pitanje ra\u010duna za struju i grejanje re\u0161ava\u0107emo u narednom periodu, imamo pripremljene predloge. \u010clanovi udru\u017eenja i\u0107i \u0107e na more kako je obe\u0107ao predsednik Dragan Markovi\u0107. Nema govora o tome da \u0107e da se oduzimaju prostorije udru\u017eenja zbog komunalnih dugova, zaklju\u010dio je on.<\/p>\n<p>To udru\u017eenje je uputilo i zahtev za prijem kod predsednika Vlade Srbije Aleksandra Vu\u010di\u0107a.<\/p>\n<p>&nbsp;<\/p>\n<p>DISKRIMINACIJA SLEPIH LICA IZ GRADA<\/p>\n<p>Iz gradskog podru\u010dja Jagodine \u00a015. slepih lica nije dobilo godi\u0161nje besplatne karte za autobuski prevoz, dok su slepa lica sa sela dobila su karte za besplatan prevoz. U udru\u017eenju je preko 90 \u010dlanova sa teritorije Jagodine.<\/p>\n<p>&nbsp;<\/p>\n","protected":false},"excerpt":{"rendered":"<p>JAGODINA-Me\u0111uop\u0161tinska organizacija slepih u Jagodini ve\u0107 dve i po godine je u velikim finansijskim problemima zbog dugova za grejanje, jer tu\u017ebe JP Toplana, koja je &hellip; <\/p>\n","protected":false},"author":4,"featured_media":4189,"comment_status":"open","ping_status":"open","sticky":false,"template":"","format":"standard","meta":{"footnotes":""},"categories":[14,2,12],"tags":[1120,58,1119,233],"_links":{"self":[{"href":"https:\/\/centralmedia.rs\/index.php\/wp-json\/wp\/v2\/posts\/4188"}],"collection":[{"href":"https:\/\/centralmedia.rs\/index.php\/wp-json\/wp\/v2\/posts"}],"about":[{"href":"https:\/\/centralmedia.rs\/index.php\/wp-json\/wp\/v2\/types\/post"}],"author":[{"embeddable":true,"href":"https:\/\/centralmedia.rs\/index.php\/wp-json\/wp\/v2\/users\/4"}],"replies":[{"embeddable":true,"href":"https:\/\/centralmedia.rs\/index.php\/wp-json\/wp\/v2\/comments?post=4188"}],"version-history":[{"count":0,"href":"https:\/\/centralmedia.rs\/index.php\/wp-json\/wp\/v2\/posts\/4188\/revisions"}],"wp:featuredmedia":[{"embeddable":true,"href":"https:\/\/centralmedia.rs\/index.php\/wp-json\/wp\/v2\/media\/4189"}],"wp:attachment":[{"href":"https:\/\/centralmedia.rs\/index.php\/wp-json\/wp\/v2\/media?parent=4188"}],"wp:term":[{"taxonomy":"category","embeddable":true,"href":"https:\/\/centralmedia.rs\/index.php\/wp-json\/wp\/v2\/categories?post=4188"},{"taxonomy":"post_tag","embeddable":true,"href":"https:\/\/centralmedia.rs\/index.php\/wp-json\/wp\/v2\/tags?post=4188"}],"curies":[{"name":"wp","href":"https:\/\/api.w.org\/{rel}","templated":true}]}}