{"id":41890,"date":"2025-02-18T11:37:00","date_gmt":"2025-02-18T10:37:00","guid":{"rendered":"https:\/\/centralmedia.rs\/?p=41890"},"modified":"2025-02-19T10:37:17","modified_gmt":"2025-02-19T09:37:17","slug":"predsednik-so-cuprija-ninoslav-eric-uputio-poruku-studentima-u-protestu","status":"publish","type":"post","link":"https:\/\/centralmedia.rs\/index.php\/2025\/02\/18\/predsednik-so-cuprija-ninoslav-eric-uputio-poruku-studentima-u-protestu\/","title":{"rendered":"PREDSEDNIK SO \u0106UPRIJA NINOSLAV ERI\u0106 UPUTIO PORUKU STUDENTIMA U PROTESTU"},"content":{"rendered":"\n<p><\/p>\n\n\n\n<p>Predsednik SO \u0106uprija Ninoslav Eri\u0107 obratio se studentima javnim pismom.<\/p>\n\n\n\n<figure class=\"wp-block-image size-large\"><img loading=\"lazy\" decoding=\"async\" width=\"850\" height=\"1024\" src=\"http:\/\/centralmedia.rs\/wp-content\/uploads\/2025\/02\/RUKE-SNS-850x1024.jpg\" alt=\"\" class=\"wp-image-41863\" srcset=\"https:\/\/centralmedia.rs\/wp-content\/uploads\/2025\/02\/RUKE-SNS-850x1024.jpg 850w, https:\/\/centralmedia.rs\/wp-content\/uploads\/2025\/02\/RUKE-SNS-249x300.jpg 249w, https:\/\/centralmedia.rs\/wp-content\/uploads\/2025\/02\/RUKE-SNS-768x925.jpg 768w, https:\/\/centralmedia.rs\/wp-content\/uploads\/2025\/02\/RUKE-SNS-1275x1536.jpg 1275w, https:\/\/centralmedia.rs\/wp-content\/uploads\/2025\/02\/RUKE-SNS.jpg 1400w\" sizes=\"(max-width: 850px) 100vw, 850px\" \/><\/figure>\n\n\n\n<p>\u010cISTOG OBRAZA I \u010cISTIH RUKU, \u010cASNO SMO SE BORILI ZA NA\u0160 GRAD, ZA \u0106UPRIJU I ZA SRBIJU.<\/p>\n\n\n\n<p>Na\u0161e ruke su \u010diste i takve \u0107e ostati!!!<\/p>\n\n\n\n<p>\u201cTra\u017eite hleba preko poga\u010de\u201d ne ide\u2026<\/p>\n\n\n\n<p>Prvo da zavr\u0161ite \u0161kole, pa onda to znanje primenite na poslu, osnujte porodice pa tek onda kada budete kompetentni i budete kompletne li\u010dnosti menjajte dru\u0161tvenu realnost. Ovako \u0107ete se samo razo\u010darati kada uskoro shvatite da ste istrument onih <a><\/a>najgorih koji \u017eele da iskoriste va\u0161u mladost i entuzijazam. Pa zar najgorima da dozvolimo da mimo izbora naroda preuzmu vlast, e to se nikada ne\u0107e dogoditi!!!!<\/p>\n\n\n\n<p>Zato \u201cknjige deco, a ne zvona i praporci\u201d.<\/p>\n\n\n\n<p>\u017divela \u0106uprija \u010distih ruku !!<\/p>\n\n\n\n<p>\u017divela Srbija \u010distih ruku !!!<\/p>\n\n\n\n<p>Stoji u obra\u0107anju studentima predsednika SO \u0106uprija Ninoslava Eri\u0107a<\/p>\n","protected":false},"excerpt":{"rendered":"<p>Predsednik SO \u0106uprija Ninoslav Eri\u0107 obratio se studentima javnim pismom. \u010cISTOG OBRAZA I \u010cISTIH RUKU, \u010cASNO SMO SE BORILI ZA NA\u0160 GRAD, ZA \u0106UPRIJU I &hellip; <\/p>\n","protected":false},"author":2,"featured_media":41862,"comment_status":"closed","ping_status":"open","sticky":false,"template":"","format":"standard","meta":{"footnotes":""},"categories":[1515,1524,13,12],"tags":[6917,805],"_links":{"self":[{"href":"https:\/\/centralmedia.rs\/index.php\/wp-json\/wp\/v2\/posts\/41890"}],"collection":[{"href":"https:\/\/centralmedia.rs\/index.php\/wp-json\/wp\/v2\/posts"}],"about":[{"href":"https:\/\/centralmedia.rs\/index.php\/wp-json\/wp\/v2\/types\/post"}],"author":[{"embeddable":true,"href":"https:\/\/centralmedia.rs\/index.php\/wp-json\/wp\/v2\/users\/2"}],"replies":[{"embeddable":true,"href":"https:\/\/centralmedia.rs\/index.php\/wp-json\/wp\/v2\/comments?post=41890"}],"version-history":[{"count":1,"href":"https:\/\/centralmedia.rs\/index.php\/wp-json\/wp\/v2\/posts\/41890\/revisions"}],"predecessor-version":[{"id":41891,"href":"https:\/\/centralmedia.rs\/index.php\/wp-json\/wp\/v2\/posts\/41890\/revisions\/41891"}],"wp:featuredmedia":[{"embeddable":true,"href":"https:\/\/centralmedia.rs\/index.php\/wp-json\/wp\/v2\/media\/41862"}],"wp:attachment":[{"href":"https:\/\/centralmedia.rs\/index.php\/wp-json\/wp\/v2\/media?parent=41890"}],"wp:term":[{"taxonomy":"category","embeddable":true,"href":"https:\/\/centralmedia.rs\/index.php\/wp-json\/wp\/v2\/categories?post=41890"},{"taxonomy":"post_tag","embeddable":true,"href":"https:\/\/centralmedia.rs\/index.php\/wp-json\/wp\/v2\/tags?post=41890"}],"curies":[{"name":"wp","href":"https:\/\/api.w.org\/{rel}","templated":true}]}}