{"id":41902,"date":"2025-02-21T08:49:06","date_gmt":"2025-02-21T07:49:06","guid":{"rendered":"https:\/\/centralmedia.rs\/?p=41902"},"modified":"2025-02-21T08:49:07","modified_gmt":"2025-02-21T07:49:07","slug":"pokladni-maskenbal-u-svilajncu","status":"publish","type":"post","link":"https:\/\/centralmedia.rs\/index.php\/2025\/02\/21\/pokladni-maskenbal-u-svilajncu\/","title":{"rendered":"POKLADNI MASKENBAL U SVILAJNCU"},"content":{"rendered":"\n<p>U nedelju, 2. marta, u Svilajncu \u0107e biti odr\u017eana tradicionalna manifestacija POKLADNI MASKENBAL. Povodom obele\u017eavanja 10 godina rada, doma\u0107in ovogodi\u0161nje POKLADNE BAJKE bi\u0107e Prirodnja\u010dki centar.<\/p>\n\n\n\n<figure class=\"wp-block-image size-large\"><img loading=\"lazy\" decoding=\"async\" width=\"735\" height=\"1024\" src=\"https:\/\/centralmedia.rs\/wp-content\/uploads\/2025\/02\/maskembal-735x1024.jpg\" alt=\"\" class=\"wp-image-41904\" srcset=\"https:\/\/centralmedia.rs\/wp-content\/uploads\/2025\/02\/maskembal-735x1024.jpg 735w, https:\/\/centralmedia.rs\/wp-content\/uploads\/2025\/02\/maskembal-215x300.jpg 215w, https:\/\/centralmedia.rs\/wp-content\/uploads\/2025\/02\/maskembal-768x1070.jpg 768w, https:\/\/centralmedia.rs\/wp-content\/uploads\/2025\/02\/maskembal-1103x1536.jpg 1103w, https:\/\/centralmedia.rs\/wp-content\/uploads\/2025\/02\/maskembal.jpg 1470w\" sizes=\"(max-width: 735px) 100vw, 735px\" \/><\/figure>\n\n\n\n<p>Okupljanje u\u010desnika maskenbala i publike po\u010dinje u 11 \u010dasova na Trgu Stevana Sin\u0111eli\u0107a. Nakon toga velika pokladna povorka kre\u0107e ulicama Svilajnca i zavr\u0161ava u Prirodnja\u010dkom centru u kome je tog dana ULAZ SLOBODAN.<\/p>\n\n\n\n<p>Maskiranu povorku i posetioce Prirodnja\u010dkog centra o\u010dekuje bogat zabavni program:<\/p>\n\n\n\n<p>&#8211; animatori, \u017eongleri, \u0161tulari,<\/p>\n\n\n\n<p>&#8211; dobo\u0161ari,<\/p>\n\n\n\n<p>&#8211; baloni od sapunice,<\/p>\n\n\n\n<p>&#8211; vitezovi i princeze, zmajevi,<\/p>\n\n\n\n<p>&#8211; maskote iz animiranih filmova\u2026<\/p>\n\n\n\n<p>Na velikoj bini u Dino parku posetioce o\u010dekuje spektakularni de\u010diji mjuzikl \u201cPetar Pan\u201d u izvo\u0111enju Una Saga Serbike, predstavi\u0107emo najzanimljivije maske, a prisutne \u0107e razmrdati i \u010dlanovi benda \u201cNespremni\u201d<\/p>\n","protected":false},"excerpt":{"rendered":"<p>U nedelju, 2. marta, u Svilajncu \u0107e biti odr\u017eana tradicionalna manifestacija POKLADNI MASKENBAL. Povodom obele\u017eavanja 10 godina rada, doma\u0107in ovogodi\u0161nje POKLADNE BAJKE bi\u0107e Prirodnja\u010dki centar. &hellip; <\/p>\n","protected":false},"author":2,"featured_media":41903,"comment_status":"closed","ping_status":"open","sticky":false,"template":"","format":"standard","meta":{"footnotes":""},"categories":[1524,2,23,1517,3054],"tags":[3537,38],"_links":{"self":[{"href":"https:\/\/centralmedia.rs\/index.php\/wp-json\/wp\/v2\/posts\/41902"}],"collection":[{"href":"https:\/\/centralmedia.rs\/index.php\/wp-json\/wp\/v2\/posts"}],"about":[{"href":"https:\/\/centralmedia.rs\/index.php\/wp-json\/wp\/v2\/types\/post"}],"author":[{"embeddable":true,"href":"https:\/\/centralmedia.rs\/index.php\/wp-json\/wp\/v2\/users\/2"}],"replies":[{"embeddable":true,"href":"https:\/\/centralmedia.rs\/index.php\/wp-json\/wp\/v2\/comments?post=41902"}],"version-history":[{"count":1,"href":"https:\/\/centralmedia.rs\/index.php\/wp-json\/wp\/v2\/posts\/41902\/revisions"}],"predecessor-version":[{"id":41905,"href":"https:\/\/centralmedia.rs\/index.php\/wp-json\/wp\/v2\/posts\/41902\/revisions\/41905"}],"wp:featuredmedia":[{"embeddable":true,"href":"https:\/\/centralmedia.rs\/index.php\/wp-json\/wp\/v2\/media\/41903"}],"wp:attachment":[{"href":"https:\/\/centralmedia.rs\/index.php\/wp-json\/wp\/v2\/media?parent=41902"}],"wp:term":[{"taxonomy":"category","embeddable":true,"href":"https:\/\/centralmedia.rs\/index.php\/wp-json\/wp\/v2\/categories?post=41902"},{"taxonomy":"post_tag","embeddable":true,"href":"https:\/\/centralmedia.rs\/index.php\/wp-json\/wp\/v2\/tags?post=41902"}],"curies":[{"name":"wp","href":"https:\/\/api.w.org\/{rel}","templated":true}]}}