{"id":41919,"date":"2025-02-22T23:01:29","date_gmt":"2025-02-22T22:01:29","guid":{"rendered":"https:\/\/centralmedia.rs\/?p=41919"},"modified":"2025-02-22T23:01:29","modified_gmt":"2025-02-22T22:01:29","slug":"to-zlatibor-na-46-medunarodnom-sajmu-turizma-u-beogradu","status":"publish","type":"post","link":"https:\/\/centralmedia.rs\/index.php\/2025\/02\/22\/to-zlatibor-na-46-medunarodnom-sajmu-turizma-u-beogradu\/","title":{"rendered":"TO ZLATIBOR NA 46. ME\u0110UNARODNOM SAJMU TURIZMA U BEOGRADU"},"content":{"rendered":"\n<p>Turisti\u010dka organizacija Zlatibor predstavi\u0107e svoju bogatu ponudu na sajmu turizma u Beogradu, \u0161tand u Hali broj 4. Upoznate se sa sadr\u017eajima i lepotama koje Zlatibor kao destinacija nudi. Upoznajte ponudu zlatiborskih hotela, apartmana, tematskih parkova, ali i na\u0161e Gold gondole &#8211; svi oni deo su \u0161tanda Turisti\u010dke organizacije Zlatibor i zajedno sa nama pomo\u0107i \u0107e vam da se zaljubite u Zlatibor i sve ono \u0161to on nudi.<\/p>\n\n\n\n<figure class=\"wp-block-gallery has-nested-images columns-default is-cropped wp-block-gallery-1 is-layout-flex wp-block-gallery-is-layout-flex\">\n<figure class=\"wp-block-image size-large\"><img loading=\"lazy\" decoding=\"async\" width=\"680\" height=\"1024\" data-id=\"41921\" src=\"https:\/\/centralmedia.rs\/wp-content\/uploads\/2025\/02\/sajam1-1-680x1024.jpg\" alt=\"\" class=\"wp-image-41921\" srcset=\"https:\/\/centralmedia.rs\/wp-content\/uploads\/2025\/02\/sajam1-1-680x1024.jpg 680w, https:\/\/centralmedia.rs\/wp-content\/uploads\/2025\/02\/sajam1-1-199x300.jpg 199w, https:\/\/centralmedia.rs\/wp-content\/uploads\/2025\/02\/sajam1-1-768x1156.jpg 768w, https:\/\/centralmedia.rs\/wp-content\/uploads\/2025\/02\/sajam1-1.jpg 967w\" sizes=\"(max-width: 680px) 100vw, 680px\" \/><\/figure>\n\n\n\n<figure class=\"wp-block-image size-large\"><img loading=\"lazy\" decoding=\"async\" width=\"671\" height=\"1024\" data-id=\"41922\" src=\"https:\/\/centralmedia.rs\/wp-content\/uploads\/2025\/02\/sajam2-671x1024.jpg\" alt=\"\" class=\"wp-image-41922\" srcset=\"https:\/\/centralmedia.rs\/wp-content\/uploads\/2025\/02\/sajam2-671x1024.jpg 671w, https:\/\/centralmedia.rs\/wp-content\/uploads\/2025\/02\/sajam2-197x300.jpg 197w, https:\/\/centralmedia.rs\/wp-content\/uploads\/2025\/02\/sajam2-768x1172.jpg 768w, https:\/\/centralmedia.rs\/wp-content\/uploads\/2025\/02\/sajam2.jpg 957w\" sizes=\"(max-width: 671px) 100vw, 671px\" \/><\/figure>\n<\/figure>\n\n\n\n<p>Sajam \u0107e trajati u periodu od 20. do 23. februara, a za posetioce je otvoren od 10 do 19h, osim u nedelju, kada \u0107e radno vreme sajma biti do 18h.<\/p>\n","protected":false},"excerpt":{"rendered":"<p>Turisti\u010dka organizacija Zlatibor predstavi\u0107e svoju bogatu ponudu na sajmu turizma u Beogradu, \u0161tand u Hali broj 4. Upoznate se sa sadr\u017eajima i lepotama koje Zlatibor &hellip; <\/p>\n","protected":false},"author":2,"featured_media":41920,"comment_status":"closed","ping_status":"open","sticky":false,"template":"","format":"standard","meta":{"footnotes":""},"categories":[2875,1524,2,23,3054],"tags":[65,2876],"_links":{"self":[{"href":"https:\/\/centralmedia.rs\/index.php\/wp-json\/wp\/v2\/posts\/41919"}],"collection":[{"href":"https:\/\/centralmedia.rs\/index.php\/wp-json\/wp\/v2\/posts"}],"about":[{"href":"https:\/\/centralmedia.rs\/index.php\/wp-json\/wp\/v2\/types\/post"}],"author":[{"embeddable":true,"href":"https:\/\/centralmedia.rs\/index.php\/wp-json\/wp\/v2\/users\/2"}],"replies":[{"embeddable":true,"href":"https:\/\/centralmedia.rs\/index.php\/wp-json\/wp\/v2\/comments?post=41919"}],"version-history":[{"count":1,"href":"https:\/\/centralmedia.rs\/index.php\/wp-json\/wp\/v2\/posts\/41919\/revisions"}],"predecessor-version":[{"id":41923,"href":"https:\/\/centralmedia.rs\/index.php\/wp-json\/wp\/v2\/posts\/41919\/revisions\/41923"}],"wp:featuredmedia":[{"embeddable":true,"href":"https:\/\/centralmedia.rs\/index.php\/wp-json\/wp\/v2\/media\/41920"}],"wp:attachment":[{"href":"https:\/\/centralmedia.rs\/index.php\/wp-json\/wp\/v2\/media?parent=41919"}],"wp:term":[{"taxonomy":"category","embeddable":true,"href":"https:\/\/centralmedia.rs\/index.php\/wp-json\/wp\/v2\/categories?post=41919"},{"taxonomy":"post_tag","embeddable":true,"href":"https:\/\/centralmedia.rs\/index.php\/wp-json\/wp\/v2\/tags?post=41919"}],"curies":[{"name":"wp","href":"https:\/\/api.w.org\/{rel}","templated":true}]}}