{"id":41932,"date":"2025-02-22T23:04:54","date_gmt":"2025-02-22T22:04:54","guid":{"rendered":"https:\/\/centralmedia.rs\/?p=41932"},"modified":"2025-02-22T23:04:54","modified_gmt":"2025-02-22T22:04:54","slug":"opstina-cajetina-dobitnik-ordena-kralja-milutina-za-doprinos-crkvi","status":"publish","type":"post","link":"https:\/\/centralmedia.rs\/index.php\/2025\/02\/22\/opstina-cajetina-dobitnik-ordena-kralja-milutina-za-doprinos-crkvi\/","title":{"rendered":"OP\u0160TINA \u010cAJETINA DOBITNIK ORDENA KRALJA MILUTINA ZA DOPRINOS CRKVI"},"content":{"rendered":"\n<p>U okviru sve\u010dane Arhijerejske liturgije u Hramu Svetog Arhangela Gavrila u \u010cajetini, koju je slu\u017eio Arhiepiskop i Mitropolit \u017ei\u010dki Gospodin Justin, uprili\u010dena je dodela ordena Svetog Kralja Milutina koju je u ime op\u0161tine \u010cajetina i njenih me\u0161tana primio predsednik Op\u0161tine, Milan Stamatovi\u0107.<\/p>\n\n\n\n<figure class=\"wp-block-gallery has-nested-images columns-default is-cropped wp-block-gallery-1 is-layout-flex wp-block-gallery-is-layout-flex\">\n<figure class=\"wp-block-image size-large\"><img loading=\"lazy\" decoding=\"async\" width=\"768\" height=\"1024\" data-id=\"41934\" src=\"https:\/\/centralmedia.rs\/wp-content\/uploads\/2025\/02\/milutin1-768x1024.jpg\" alt=\"\" class=\"wp-image-41934\" srcset=\"https:\/\/centralmedia.rs\/wp-content\/uploads\/2025\/02\/milutin1-768x1024.jpg 768w, https:\/\/centralmedia.rs\/wp-content\/uploads\/2025\/02\/milutin1-225x300.jpg 225w, https:\/\/centralmedia.rs\/wp-content\/uploads\/2025\/02\/milutin1-1152x1536.jpg 1152w, https:\/\/centralmedia.rs\/wp-content\/uploads\/2025\/02\/milutin1.jpg 1536w\" sizes=\"(max-width: 768px) 100vw, 768px\" \/><\/figure>\n\n\n\n<figure class=\"wp-block-image size-large\"><img loading=\"lazy\" decoding=\"async\" width=\"1024\" height=\"768\" data-id=\"41935\" src=\"https:\/\/centralmedia.rs\/wp-content\/uploads\/2025\/02\/milutin2-1024x768.jpg\" alt=\"\" class=\"wp-image-41935\" srcset=\"https:\/\/centralmedia.rs\/wp-content\/uploads\/2025\/02\/milutin2-1024x768.jpg 1024w, https:\/\/centralmedia.rs\/wp-content\/uploads\/2025\/02\/milutin2-300x225.jpg 300w, https:\/\/centralmedia.rs\/wp-content\/uploads\/2025\/02\/milutin2-768x576.jpg 768w, https:\/\/centralmedia.rs\/wp-content\/uploads\/2025\/02\/milutin2-1536x1152.jpg 1536w, https:\/\/centralmedia.rs\/wp-content\/uploads\/2025\/02\/milutin2.jpg 2048w\" sizes=\"(max-width: 1024px) 100vw, 1024px\" \/><\/figure>\n<\/figure>\n\n\n\n<p>Ovo visoko odlikovanje Srpske pravoslavne crkve, a na predlog crkvene op\u0161tine \u010cajetina, dodeljeno je op\u0161tini za nesebi\u010dnu ljubav i doprinos svojoj Crkvi, tradiciji i duhovnom nasle\u0111u.<\/p>\n\n\n\n<p>\u201eJa sam prezadovoljan \u0161to sam imao priliku da u ime svih gra\u0111ana op\u0161tine \u010cajetina primim ovo priznanje. Ovim preuzimamo veliku obavezu i odgovornost da kao narod radimo na tome, i da kao nosioci lokalnih samouprava ostanemo na svetosavskom putu. Nije op\u0161tina \u010cajetina u\u010desnik samo u ovom priznanju, ve\u0107 smo pomagali i svim Hramovima na teritoriji op\u0161tine \u010cajetina i cele Srbije. Mi smo poznati i kao najve\u0107i pojedina\u010dni donatori manastira Hilandar, \u0161to nam je izuzetno drago. Svaki stanovnik op\u0161tine treba da bude ponosan, da ceni i vrednuje ovo priznanje&#8221;, rekao je Stamatovi\u0107.<\/p>\n\n\n\n<p>\u201eImali smo \u010dast da ugostimo Njegovo preosve\u0161tenstvo Mitropolita Justina, koji je slu\u017eio svetu Arhijerejsku liturgiju, \u0161to nije \u010desta pojava, i zato je izazvalo dodatnu radost kod na\u0161ih ljudi, kao i ne\u0161to ve\u0107u pose\u0107enost Hramu, \u0161to govori da ovo nije obi\u010dan dan&#8221;, izjavio je otac Petar Lazi\u0107, stare\u0161ina Hrama u \u010cajetini.<\/p>\n\n\n\n<p>Povelju je dobio i dugogodi\u0161nji predsednik Crkvenog odbora Velisav Nin\u010di\u0107, \u010dime se potvr\u0111uje njegova vernost i posve\u0107enost Crkvi.<\/p>\n\n\n\n<p>\u201eNagradu sam dobio jer sam donirao ikonostas. Meni se, hvala Bogu, ukazala prilika da sam mogao to da prihvatim, i veoma sam zadovoljan \u0161to samo mogao ovo da doniram Hramu. I moj \u010dukundeda, tada jedan od uglednih doma\u0107ina, Milan Nin\u010di\u0107, bio je u\u010desnik u podizanju ovoga Hrama&#8221;, rekao je Velisav Nin\u010di\u0107.<\/p>\n\n\n\n<p>Nakon liturgije, obavljeno je i osve\u0107enje Parohijskog doma \u010diji su radovi u potpunosti zavr\u0161eni. Ove godine \u0107e, povodom 140 godina od po\u010detka izgradnje Hrama, biti objavljena i Monografija koja \u0107e obuhvatiti kompletan bogoslu\u017ebeni \u017eivot u \u010cajetini kroz istoriju.<\/p>\n","protected":false},"excerpt":{"rendered":"<p>U okviru sve\u010dane Arhijerejske liturgije u Hramu Svetog Arhangela Gavrila u \u010cajetini, koju je slu\u017eio Arhiepiskop i Mitropolit \u017ei\u010dki Gospodin Justin, uprili\u010dena je dodela ordena &hellip; <\/p>\n","protected":false},"author":2,"featured_media":41933,"comment_status":"closed","ping_status":"open","sticky":false,"template":"","format":"standard","meta":{"footnotes":""},"categories":[2875,14,1524,2,12],"tags":[6530,5529,5892],"_links":{"self":[{"href":"https:\/\/centralmedia.rs\/index.php\/wp-json\/wp\/v2\/posts\/41932"}],"collection":[{"href":"https:\/\/centralmedia.rs\/index.php\/wp-json\/wp\/v2\/posts"}],"about":[{"href":"https:\/\/centralmedia.rs\/index.php\/wp-json\/wp\/v2\/types\/post"}],"author":[{"embeddable":true,"href":"https:\/\/centralmedia.rs\/index.php\/wp-json\/wp\/v2\/users\/2"}],"replies":[{"embeddable":true,"href":"https:\/\/centralmedia.rs\/index.php\/wp-json\/wp\/v2\/comments?post=41932"}],"version-history":[{"count":1,"href":"https:\/\/centralmedia.rs\/index.php\/wp-json\/wp\/v2\/posts\/41932\/revisions"}],"predecessor-version":[{"id":41936,"href":"https:\/\/centralmedia.rs\/index.php\/wp-json\/wp\/v2\/posts\/41932\/revisions\/41936"}],"wp:featuredmedia":[{"embeddable":true,"href":"https:\/\/centralmedia.rs\/index.php\/wp-json\/wp\/v2\/media\/41933"}],"wp:attachment":[{"href":"https:\/\/centralmedia.rs\/index.php\/wp-json\/wp\/v2\/media?parent=41932"}],"wp:term":[{"taxonomy":"category","embeddable":true,"href":"https:\/\/centralmedia.rs\/index.php\/wp-json\/wp\/v2\/categories?post=41932"},{"taxonomy":"post_tag","embeddable":true,"href":"https:\/\/centralmedia.rs\/index.php\/wp-json\/wp\/v2\/tags?post=41932"}],"curies":[{"name":"wp","href":"https:\/\/api.w.org\/{rel}","templated":true}]}}