{"id":41938,"date":"2025-02-22T23:18:40","date_gmt":"2025-02-22T22:18:40","guid":{"rendered":"https:\/\/centralmedia.rs\/?p=41938"},"modified":"2025-02-22T23:18:40","modified_gmt":"2025-02-22T22:18:40","slug":"vucic-odgovorio-studentkinji-pedagoskog-fakulteta-o-pocetku-rada-fakulteta","status":"publish","type":"post","link":"https:\/\/centralmedia.rs\/index.php\/2025\/02\/22\/vucic-odgovorio-studentkinji-pedagoskog-fakulteta-o-pocetku-rada-fakulteta\/","title":{"rendered":"VU\u010cI\u0106 ODGOVORIO STUDENTKINJI PEDAGO\u0160KOG FAKULTETA O PO\u010cETKU RADA FAKULTETA"},"content":{"rendered":"\n<p>&nbsp;Predsednik Srbije Aleksandar Vu\u010di\u0107 u Ku\u010devu je razgovarao sa gra\u0111anima te op\u0161tine i na pitanje Jovane Ili\u0107 iz tog mesta, studentkinje Pedago\u0161kog fakulteta u Jagodini, da li ima naznaka kada \u0107e biti okon\u010dane blokade i kada \u0107e fakultet po\u010deti da rade, rekao je da se nada da \u0107e uskoro biti okon\u010dane blokade fakulteta u Srbiji i naveo da dr\u017eava zbog toga trpi velike ekonomske posledice i da \u0107e ih trpeti i narednih meseci.<\/p>\n\n\n\n<p>&#8221;Ne znam kada \u0107e da bude kraj tome, nadam se da \u0107e biti uskoro. Trpimo velike ekonomske posledice i trpe\u0107emo ih narednih \u0161est, sedam i osam meseci, ali sam, tako\u0111e, potpuno siguran da smo razli\u010dite vrste lekcija nau\u010dili i da \u0107emo znati vi\u0161e da po\u0161tujemo i rad i trud i uspehe koje pravimo&#8221;, rekao je Vu\u010di\u0107<\/p>\n\n\n\n<p>Vu\u010di\u0107 je rekao da ljudi obi\u010dno sve \u0161to se izgradi i napravi uzimaju &#8221;zdravo za gotovo&#8221; i da misle da lo\u0161ije ne mo\u017ee, a da ne znaju kojom brzinom sve mo\u017ee da se sru\u0161i i da je potrebno mnogo vremena da se sve ponovo izgradi i podigne. Studentkinja Jovana je, tako\u0111e, rekla da joj je \u017eelja da u \u0161to kra\u0107em roku zavr\u0161i fakultet i da se vrati u Ku\u010devo i na\u0111e posao, kao i da sve osnovne i srednje \u0161kole u toj op\u0161tini normalno rade i da nisu u blokadi.<\/p>\n\n\n\n<p>&#8221;Vama Jovana \u017eelim da ove godine zavr\u0161ite fakultet i da se vratite u Ku\u010devo da radite, a mi \u0107emo dati sve od sebe da pomognemo i vama, a i svim drugim studentima da se to ba\u0161 na takav na\u010din i desi&#8221;, rekao je Vu\u010di\u0107.<\/p>\n","protected":false},"excerpt":{"rendered":"<p>&nbsp;Predsednik Srbije Aleksandar Vu\u010di\u0107 u Ku\u010devu je razgovarao sa gra\u0111anima te op\u0161tine i na pitanje Jovane Ili\u0107 iz tog mesta, studentkinje Pedago\u0161kog fakulteta u Jagodini, &hellip; <\/p>\n","protected":false},"author":2,"featured_media":41939,"comment_status":"closed","ping_status":"open","sticky":false,"template":"","format":"standard","meta":{"footnotes":""},"categories":[1524,2,1514,13,12],"tags":[2531,213,6539],"_links":{"self":[{"href":"https:\/\/centralmedia.rs\/index.php\/wp-json\/wp\/v2\/posts\/41938"}],"collection":[{"href":"https:\/\/centralmedia.rs\/index.php\/wp-json\/wp\/v2\/posts"}],"about":[{"href":"https:\/\/centralmedia.rs\/index.php\/wp-json\/wp\/v2\/types\/post"}],"author":[{"embeddable":true,"href":"https:\/\/centralmedia.rs\/index.php\/wp-json\/wp\/v2\/users\/2"}],"replies":[{"embeddable":true,"href":"https:\/\/centralmedia.rs\/index.php\/wp-json\/wp\/v2\/comments?post=41938"}],"version-history":[{"count":1,"href":"https:\/\/centralmedia.rs\/index.php\/wp-json\/wp\/v2\/posts\/41938\/revisions"}],"predecessor-version":[{"id":41940,"href":"https:\/\/centralmedia.rs\/index.php\/wp-json\/wp\/v2\/posts\/41938\/revisions\/41940"}],"wp:featuredmedia":[{"embeddable":true,"href":"https:\/\/centralmedia.rs\/index.php\/wp-json\/wp\/v2\/media\/41939"}],"wp:attachment":[{"href":"https:\/\/centralmedia.rs\/index.php\/wp-json\/wp\/v2\/media?parent=41938"}],"wp:term":[{"taxonomy":"category","embeddable":true,"href":"https:\/\/centralmedia.rs\/index.php\/wp-json\/wp\/v2\/categories?post=41938"},{"taxonomy":"post_tag","embeddable":true,"href":"https:\/\/centralmedia.rs\/index.php\/wp-json\/wp\/v2\/tags?post=41938"}],"curies":[{"name":"wp","href":"https:\/\/api.w.org\/{rel}","templated":true}]}}