{"id":41951,"date":"2025-02-24T16:40:59","date_gmt":"2025-02-24T15:40:59","guid":{"rendered":"https:\/\/centralmedia.rs\/?p=41951"},"modified":"2025-02-24T16:41:00","modified_gmt":"2025-02-24T15:41:00","slug":"brnabic-ispunjen-cetvrti-zahtev-studenata-pljuste-ustavne-zalbe","status":"publish","type":"post","link":"https:\/\/centralmedia.rs\/index.php\/2025\/02\/24\/brnabic-ispunjen-cetvrti-zahtev-studenata-pljuste-ustavne-zalbe\/","title":{"rendered":"BRNABI\u0106: ISPUNJEN \u010cETVRTI ZAHTEV STUDENATA, ,,PLJU\u0160TE\u201d USTAVNE \u017dALBE"},"content":{"rendered":"\n<p>Predsednica skup\u0161tine Ana Brnabi\u0107 izjavila je da je postignut finalni dogovor o izmenama Zakona o visokom obrazovanju koje \u0107e se razmatrati na prvoj redovnoj sednici 4. Marta, sa druge strane ,,plju\u0161te\u201d ustavne \u017ealbe studenata i roditelja srednjo\u0161kolaca i osnovaca.<\/p>\n\n\n\n<p>Brnabi\u0107 je izjavila da su tokom prethodne nedelje zavr\u0161eni razgovori izme\u0111u predstavnika svih dr\u017eavnih univerziteta u Srbiji i da je postignut finalni dogovor o nacrtu izmena i dopuna Zakona o visokom obrazovanju, da su se svi univerziteti izjasnili da je to ono \u0161to su \u017eeleli i da to zna\u010di ispunjenje \u010detvrtog zahteva studenata.<\/p>\n\n\n\n<p>&nbsp;Ona je istakla da \u0107e izmenama zakona biti ure\u0111eno da se studentima umanji \u0161kolarina za 50 odsto, a primanja zaposlenih u visoko\u0161kolskim ustanovama pove\u0107aju za 16 odsto.<\/p>\n\n\n\n<p>Ona je uputila molbu univerzitetima, fakultetima i studentima u blokadi da razmisle da se nakon usvajanja izmena Zakona o visokom obrazovanju vrate na nastavu i &#8220;da spasu ovu akademsku godinu&#8221;.<\/p>\n\n\n\n<p>Brnabi\u0107: Ustavne \u017ealbe zbog obustave nastave plju\u0161te li plju\u0161te<\/p>\n\n\n\n<p>Predsednica Skup\u0161tine Srbije Ana Brnabi\u0107 izjavila je da je sve ve\u0107i broj ustavnih \u017ealbi koje podnose studenti i roditelji osnovaca i srednjo\u0161kolaca.<\/p>\n\n\n\n<p>&#8220;Mo\u017eemo re\u0107i da \u017ealbe plju\u0161te li plju\u0161te. To \u0107e biti dodatni problem za osnovne i srednje \u0161kole, kao i fakultete. Sve je ve\u0107i broj ljudi koji pozivaju Kontakt centar Skup\u0161tine i pitaju kako mogu da dobiju besplatnu pravnu pomo\u0107 da bi za\u0161titili svoje Ustavom zagarantovano pravo, odnosno njihove dece&#8221;, rekla je Brnabi\u0107.<\/p>\n","protected":false},"excerpt":{"rendered":"<p>Predsednica skup\u0161tine Ana Brnabi\u0107 izjavila je da je postignut finalni dogovor o izmenama Zakona o visokom obrazovanju koje \u0107e se razmatrati na prvoj redovnoj sednici &hellip; <\/p>\n","protected":false},"author":2,"featured_media":23456,"comment_status":"closed","ping_status":"open","sticky":false,"template":"","format":"standard","meta":{"footnotes":""},"categories":[13,12],"tags":[6925,213],"_links":{"self":[{"href":"https:\/\/centralmedia.rs\/index.php\/wp-json\/wp\/v2\/posts\/41951"}],"collection":[{"href":"https:\/\/centralmedia.rs\/index.php\/wp-json\/wp\/v2\/posts"}],"about":[{"href":"https:\/\/centralmedia.rs\/index.php\/wp-json\/wp\/v2\/types\/post"}],"author":[{"embeddable":true,"href":"https:\/\/centralmedia.rs\/index.php\/wp-json\/wp\/v2\/users\/2"}],"replies":[{"embeddable":true,"href":"https:\/\/centralmedia.rs\/index.php\/wp-json\/wp\/v2\/comments?post=41951"}],"version-history":[{"count":1,"href":"https:\/\/centralmedia.rs\/index.php\/wp-json\/wp\/v2\/posts\/41951\/revisions"}],"predecessor-version":[{"id":41952,"href":"https:\/\/centralmedia.rs\/index.php\/wp-json\/wp\/v2\/posts\/41951\/revisions\/41952"}],"wp:featuredmedia":[{"embeddable":true,"href":"https:\/\/centralmedia.rs\/index.php\/wp-json\/wp\/v2\/media\/23456"}],"wp:attachment":[{"href":"https:\/\/centralmedia.rs\/index.php\/wp-json\/wp\/v2\/media?parent=41951"}],"wp:term":[{"taxonomy":"category","embeddable":true,"href":"https:\/\/centralmedia.rs\/index.php\/wp-json\/wp\/v2\/categories?post=41951"},{"taxonomy":"post_tag","embeddable":true,"href":"https:\/\/centralmedia.rs\/index.php\/wp-json\/wp\/v2\/tags?post=41951"}],"curies":[{"name":"wp","href":"https:\/\/api.w.org\/{rel}","templated":true}]}}