{"id":41953,"date":"2025-02-24T16:58:21","date_gmt":"2025-02-24T15:58:21","guid":{"rendered":"https:\/\/centralmedia.rs\/?p=41953"},"modified":"2025-02-24T16:58:50","modified_gmt":"2025-02-24T15:58:50","slug":"podrska-ministarstva-manastiru-svete-petke-u-izvoru","status":"publish","type":"post","link":"https:\/\/centralmedia.rs\/index.php\/2025\/02\/24\/podrska-ministarstva-manastiru-svete-petke-u-izvoru\/","title":{"rendered":"PODR\u0160KA MINISTARSTVA MANASTIRU SVETE PETKE U IZVORU"},"content":{"rendered":"\n<p>DOM ZA DECU OMETENU U RAZVOJU &#8211; DOMSKO ODELJENJE MANASTIR IZVOR<\/p>\n\n\n\n<p>Danas je u Ministarstvu za rad, zapo\u0161ljavanje, bora\u010dka i socijalna pitanja potpisan Ugovor o saradnji izme\u0111u Srpskog pravoslavnog manastira \u201eSveta Petka\u201c u Izvoru i Centra za socijalni rad Para\u0107in, kojim je omogu\u0107en nesmetan rad Doma za decu ometenu u razvoju (Domsko odeljenje \u201eIzvor\u201c) u kojem je sme\u0161teno 90 korisnica, do kraja teku\u0107e 2025. godine. Potpisivanju je prisustvovao ministar Nemanja Starovi\u0107<\/p>\n\n\n\n<p>Ministarstvo za rad, zapo\u0161ljavanje, bora\u010dka i socijalna pitanja \u0107e shodno potpisanom sporazumu, a putem Centra za socijalni rad Para\u0107in, obezbediti finansiranje tro\u0161kova zaposlenih u Domu, ishranu korisnica, odr\u017eavanje higijene, nadzor objekta, kao i teku\u0107e odr\u017eavanje i popravke.<\/p>\n\n\n\n<p>Potpisivanjem ugovora se na najbolji na\u010din opovrgavaju sve glasine o zatvaranju Doma i prodaji manastirskog poseda stranim investitorima, koje su se prethodnih sedmica pojavile u delu javnosti. Ministarstvo u punoj meri prepoznaje zna\u010daj humanog poziva kojima su sestre monahinje manastira Svete Petke u Izvoru, kao i svi anga\u017eovani u Domu za decu ometenu u razvoju posve\u0107eni i nastavi\u0107e da im pru\u017ea podr\u0161ku svake vrste.<\/p>\n\n\n\n<p><\/p>\n","protected":false},"excerpt":{"rendered":"<p>DOM ZA DECU OMETENU U RAZVOJU &#8211; DOMSKO ODELJENJE MANASTIR IZVOR Danas je u Ministarstvu za rad, zapo\u0161ljavanje, bora\u010dka i socijalna pitanja potpisan Ugovor o &hellip; <\/p>\n","protected":false},"author":2,"featured_media":41954,"comment_status":"closed","ping_status":"open","sticky":false,"template":"","format":"standard","meta":{"footnotes":""},"categories":[14,1524,2,5783,1516,887,12],"tags":[4339,3633,1258],"_links":{"self":[{"href":"https:\/\/centralmedia.rs\/index.php\/wp-json\/wp\/v2\/posts\/41953"}],"collection":[{"href":"https:\/\/centralmedia.rs\/index.php\/wp-json\/wp\/v2\/posts"}],"about":[{"href":"https:\/\/centralmedia.rs\/index.php\/wp-json\/wp\/v2\/types\/post"}],"author":[{"embeddable":true,"href":"https:\/\/centralmedia.rs\/index.php\/wp-json\/wp\/v2\/users\/2"}],"replies":[{"embeddable":true,"href":"https:\/\/centralmedia.rs\/index.php\/wp-json\/wp\/v2\/comments?post=41953"}],"version-history":[{"count":1,"href":"https:\/\/centralmedia.rs\/index.php\/wp-json\/wp\/v2\/posts\/41953\/revisions"}],"predecessor-version":[{"id":41955,"href":"https:\/\/centralmedia.rs\/index.php\/wp-json\/wp\/v2\/posts\/41953\/revisions\/41955"}],"wp:featuredmedia":[{"embeddable":true,"href":"https:\/\/centralmedia.rs\/index.php\/wp-json\/wp\/v2\/media\/41954"}],"wp:attachment":[{"href":"https:\/\/centralmedia.rs\/index.php\/wp-json\/wp\/v2\/media?parent=41953"}],"wp:term":[{"taxonomy":"category","embeddable":true,"href":"https:\/\/centralmedia.rs\/index.php\/wp-json\/wp\/v2\/categories?post=41953"},{"taxonomy":"post_tag","embeddable":true,"href":"https:\/\/centralmedia.rs\/index.php\/wp-json\/wp\/v2\/tags?post=41953"}],"curies":[{"name":"wp","href":"https:\/\/api.w.org\/{rel}","templated":true}]}}