{"id":41961,"date":"2025-02-25T15:33:29","date_gmt":"2025-02-25T14:33:29","guid":{"rendered":"https:\/\/centralmedia.rs\/?p=41961"},"modified":"2025-02-25T15:33:30","modified_gmt":"2025-02-25T14:33:30","slug":"poseta-delegacije-ministarstva-nauke-tehnoloskog-razvoja-i-inovacija-risc-u-paracin","status":"publish","type":"post","link":"https:\/\/centralmedia.rs\/index.php\/2025\/02\/25\/poseta-delegacije-ministarstva-nauke-tehnoloskog-razvoja-i-inovacija-risc-u-paracin\/","title":{"rendered":"POSETA DELEGACIJE MINISTARSTVA NAUKE, TEHNOLO\u0160KOG RAZVOJA I INOVACIJA RISC-U PARA\u0106IN."},"content":{"rendered":"\n<p><br>Delegacija Ministarstva nauke, tehnolo\u0161kog razvoja i inovacija, koju su \u010dinili posebni savetnik Jovan Mili\u0107 i savetnik Zoran Tomi\u0107, posetila je Para\u0107in, gde je klju\u010dni deo programa bio obilazak Regionalnog inovacionog startap centra.<br><br>Tokom posete RISC-u, predstavnici Ministarstva su sa direktorom centra Aljo\u0161om Gligorijevi\u0107em razgovarali o mogu\u0107nostima unapre\u0111enja saradnje u oblastima nauke i inovacija, kao i o inicijativama koje bi mogle doprineti razvoju mladih talenata i podsticanju inovativnog preduzetni\u0161tva.<br><br>Ova poseta dodatno potvr\u0111uje posve\u0107enost Ministarstva ja\u010danju veza sa lokalnim samoupravama i inovacionim ekosistemima \u0161irom Srbije. Uz podr\u0161ku Ministarstva i anga\u017eovanje op\u0161tine Para\u0107in, stvaraju se temelji za nove projekte koji \u0107e inovacije pribli\u017eiti zajednici u Pomoravlju i doprineti njenom razvoju.<br><br>Nakon radnog sastanka u zgradi op\u0161tine Para\u0107in, delegacija je imala priliku da se direktno upozna sa radom RISC-a i njegovim kapacitetima kao i sa radom Ma\u0161insko-elektrotehni\u010dke \u0161kole, \u0161to otvara vrata daljoj saradnji i novim inicijativama u oblasti nauke, tehnologije i inovacija.<\/p>\n","protected":false},"excerpt":{"rendered":"<p>Delegacija Ministarstva nauke, tehnolo\u0161kog razvoja i inovacija, koju su \u010dinili posebni savetnik Jovan Mili\u0107 i savetnik Zoran Tomi\u0107, posetila je Para\u0107in, gde je klju\u010dni deo &hellip; <\/p>\n","protected":false},"author":2,"featured_media":41962,"comment_status":"closed","ping_status":"open","sticky":false,"template":"","format":"standard","meta":{"footnotes":""},"categories":[14,1524,2,1516,12],"tags":[3633,156,6927],"_links":{"self":[{"href":"https:\/\/centralmedia.rs\/index.php\/wp-json\/wp\/v2\/posts\/41961"}],"collection":[{"href":"https:\/\/centralmedia.rs\/index.php\/wp-json\/wp\/v2\/posts"}],"about":[{"href":"https:\/\/centralmedia.rs\/index.php\/wp-json\/wp\/v2\/types\/post"}],"author":[{"embeddable":true,"href":"https:\/\/centralmedia.rs\/index.php\/wp-json\/wp\/v2\/users\/2"}],"replies":[{"embeddable":true,"href":"https:\/\/centralmedia.rs\/index.php\/wp-json\/wp\/v2\/comments?post=41961"}],"version-history":[{"count":1,"href":"https:\/\/centralmedia.rs\/index.php\/wp-json\/wp\/v2\/posts\/41961\/revisions"}],"predecessor-version":[{"id":41963,"href":"https:\/\/centralmedia.rs\/index.php\/wp-json\/wp\/v2\/posts\/41961\/revisions\/41963"}],"wp:featuredmedia":[{"embeddable":true,"href":"https:\/\/centralmedia.rs\/index.php\/wp-json\/wp\/v2\/media\/41962"}],"wp:attachment":[{"href":"https:\/\/centralmedia.rs\/index.php\/wp-json\/wp\/v2\/media?parent=41961"}],"wp:term":[{"taxonomy":"category","embeddable":true,"href":"https:\/\/centralmedia.rs\/index.php\/wp-json\/wp\/v2\/categories?post=41961"},{"taxonomy":"post_tag","embeddable":true,"href":"https:\/\/centralmedia.rs\/index.php\/wp-json\/wp\/v2\/tags?post=41961"}],"curies":[{"name":"wp","href":"https:\/\/api.w.org\/{rel}","templated":true}]}}