{"id":4197,"date":"2016-08-12T09:39:23","date_gmt":"2016-08-12T09:39:23","guid":{"rendered":"http:\/\/centralmedia.rs\/?p=4197"},"modified":"2017-01-16T13:53:05","modified_gmt":"2017-01-16T13:53:05","slug":"festival-vitezova-u-manastiru-manasija","status":"publish","type":"post","link":"https:\/\/centralmedia.rs\/index.php\/2016\/08\/12\/festival-vitezova-u-manastiru-manasija\/","title":{"rendered":"FESTIVAL VITEZOVA U MANASTIRU MANASIJA"},"content":{"rendered":"<p>DESPOTOVAC-Me\u0111unarodni vite\u0161ki festival Despot Stefan Lazarevi\u0107 &#8211; Just out 2016 okupi\u0107e podno zidina manastira Manasija od 26. do 28. avgusta vitezove iz 15 dr\u017eava Evrope.<\/p>\n<p>-Festival \u0107e otvoriti predsednik Srbije Tomislav Nikoli\u0107, a re\u010d je o manifestaciji koja je svojevrsna priprema za obele\u017eavanje 600 godina manastira Manasija. O\u010dekujemo da do obele\u017eavanja velikog jubileja UNESKO donese odluku o stavljanju manastira pod za\u0161titu. To bi kruna svih na\u0161ih napora u rekonstrukciji manastira, rekao je predsednik op\u0161tine Despotovac Nikola Nikoli\u0107.<\/p>\n<div id='gallery-1' class='gallery galleryid-4197 gallery-columns-3 gallery-size-thumbnail'><figure class='gallery-item'>\n\t\t\t<div class='gallery-icon portrait'>\n\t\t\t\t<a href='https:\/\/centralmedia.rs\/index.php\/2016\/08\/12\/festival-vitezova-u-manastiru-manasija\/program\/'><img loading=\"lazy\" decoding=\"async\" width=\"150\" height=\"150\" src=\"https:\/\/centralmedia.rs\/wp-content\/uploads\/2016\/08\/program-150x150.jpg\" class=\"attachment-thumbnail size-thumbnail\" alt=\"\" \/><\/a>\n\t\t\t<\/div><\/figure><figure class='gallery-item'>\n\t\t\t<div class='gallery-icon portrait'>\n\t\t\t\t<a href='https:\/\/centralmedia.rs\/index.php\/2016\/08\/12\/festival-vitezova-u-manastiru-manasija\/program-1\/'><img loading=\"lazy\" decoding=\"async\" width=\"150\" height=\"150\" src=\"https:\/\/centralmedia.rs\/wp-content\/uploads\/2016\/08\/program-1-150x150.jpg\" class=\"attachment-thumbnail size-thumbnail\" alt=\"\" \/><\/a>\n\t\t\t<\/div><\/figure><figure class='gallery-item'>\n\t\t\t<div class='gallery-icon portrait'>\n\t\t\t\t<a href='https:\/\/centralmedia.rs\/index.php\/2016\/08\/12\/festival-vitezova-u-manastiru-manasija\/festival-1-despotovac-g-j\/'><img loading=\"lazy\" decoding=\"async\" width=\"150\" height=\"150\" src=\"https:\/\/centralmedia.rs\/wp-content\/uploads\/2016\/08\/FESTIVAL-1-DESPOTOVAC-G.J.-150x150.png\" class=\"attachment-thumbnail size-thumbnail\" alt=\"\" \/><\/a>\n\t\t\t<\/div><\/figure>\n\t\t<\/div>\n\n<p>Posle sve\u010danog otvaranja natupi\u0107e plesna grupa Una saga Serbica, kao i francuske grupe koje neguju srednjevekovnu muziku Tengri i Ethnomus. U sve\u010danom defileu pojavi\u0107e se vitezovi iz Bugarske, \u010ce\u0161ke, Slova\u010dke, Francuske, Hrvatske, Danske, Ma\u0111arske, Republike Srpske, Rumunije, \u0160vedske, Slovenije, Ukrajine, Italije i Srbije. U vite\u0161kom programu \u010diji je doma\u0107in srpska vite\u0161ka grupa Beli orlovi nastupi\u0107e gosti iz Evrope, Konji\u010dki klub Ljubi\u010devo, Srpska kaskaderska agencija SKA Tim: Istorijske borbe, Ukrajinska plesna grupa JAH SURYA: Ples vatre i ma\u010da, Vite\u0161ke borbe: HEMA dueli i Bohurt borbe, dok \u0107e u Ma\u010devanju kroz vekove biti prikazane srednjevekovno oklopno borenje 13 \u2013 14. vek, evropsko neoklopljeno ma\u010devanje 16 \u2013 17. vek i moderno ma\u010devanje 20 \u2013 21. Vek.<\/p>\n<p>Manastir Manasija je zadu\u017ebina despota Stefana Lazarevi\u0107a po\u010deo je da se zida 1407, a gradnja je okon\u010dana 1418. godine. Manastirska crkva je posve\u0107ena Svetoj Trojici, a osve\u0161tena je o prazniku Svetog duha.<\/p>\n<div id='gallery-2' class='gallery galleryid-4197 gallery-columns-3 gallery-size-large'><figure class='gallery-item'>\n\t\t\t<div class='gallery-icon landscape'>\n\t\t\t\t<a href='https:\/\/centralmedia.rs\/index.php\/2016\/06\/30\/evropski-vitezovi-dolaze-u-despotovac\/festival-vitezova-desptovac-j-o-3\/'><img loading=\"lazy\" decoding=\"async\" width=\"760\" height=\"507\" src=\"https:\/\/centralmedia.rs\/wp-content\/uploads\/2016\/06\/festival-vitezova-desptovac-j.o.-3-1024x683.jpg\" class=\"attachment-large size-large\" alt=\"\" srcset=\"https:\/\/centralmedia.rs\/wp-content\/uploads\/2016\/06\/festival-vitezova-desptovac-j.o.-3-1024x683.jpg 1024w, https:\/\/centralmedia.rs\/wp-content\/uploads\/2016\/06\/festival-vitezova-desptovac-j.o.-3-300x200.jpg 300w, https:\/\/centralmedia.rs\/wp-content\/uploads\/2016\/06\/festival-vitezova-desptovac-j.o.-3-768x512.jpg 768w, https:\/\/centralmedia.rs\/wp-content\/uploads\/2016\/06\/festival-vitezova-desptovac-j.o.-3.jpg 1200w\" sizes=\"(max-width: 760px) 100vw, 760px\" \/><\/a>\n\t\t\t<\/div><\/figure><figure class='gallery-item'>\n\t\t\t<div class='gallery-icon landscape'>\n\t\t\t\t<a href='https:\/\/centralmedia.rs\/index.php\/2016\/06\/30\/evropski-vitezovi-dolaze-u-despotovac\/festival-vitezova-desptovac-j-o\/'><img loading=\"lazy\" decoding=\"async\" width=\"760\" height=\"507\" src=\"https:\/\/centralmedia.rs\/wp-content\/uploads\/2016\/06\/festival-vitezova-desptovac-j.o.-1024x683.jpg\" class=\"attachment-large size-large\" alt=\"\" srcset=\"https:\/\/centralmedia.rs\/wp-content\/uploads\/2016\/06\/festival-vitezova-desptovac-j.o.-1024x683.jpg 1024w, https:\/\/centralmedia.rs\/wp-content\/uploads\/2016\/06\/festival-vitezova-desptovac-j.o.-300x200.jpg 300w, https:\/\/centralmedia.rs\/wp-content\/uploads\/2016\/06\/festival-vitezova-desptovac-j.o.-768x512.jpg 768w, https:\/\/centralmedia.rs\/wp-content\/uploads\/2016\/06\/festival-vitezova-desptovac-j.o..jpg 1200w\" sizes=\"(max-width: 760px) 100vw, 760px\" \/><\/a>\n\t\t\t<\/div><\/figure><figure class='gallery-item'>\n\t\t\t<div class='gallery-icon landscape'>\n\t\t\t\t<a href='https:\/\/centralmedia.rs\/index.php\/2016\/06\/30\/evropski-vitezovi-dolaze-u-despotovac\/festival-vitezova-desptovac-j-o-2\/'><img loading=\"lazy\" decoding=\"async\" width=\"760\" height=\"507\" src=\"https:\/\/centralmedia.rs\/wp-content\/uploads\/2016\/06\/festival-vitezova-desptovac-j.o.-2-1024x683.jpg\" class=\"attachment-large size-large\" alt=\"\" srcset=\"https:\/\/centralmedia.rs\/wp-content\/uploads\/2016\/06\/festival-vitezova-desptovac-j.o.-2-1024x683.jpg 1024w, https:\/\/centralmedia.rs\/wp-content\/uploads\/2016\/06\/festival-vitezova-desptovac-j.o.-2-300x200.jpg 300w, https:\/\/centralmedia.rs\/wp-content\/uploads\/2016\/06\/festival-vitezova-desptovac-j.o.-2-768x512.jpg 768w, https:\/\/centralmedia.rs\/wp-content\/uploads\/2016\/06\/festival-vitezova-desptovac-j.o.-2.jpg 1200w\" sizes=\"(max-width: 760px) 100vw, 760px\" \/><\/a>\n\t\t\t<\/div><\/figure>\n\t\t<\/div>\n\n<p>Drugog dana\u00a0 u de\u010dijem programu bi\u0107e organizovana mala \u0161kola ma\u010devanja i srednjovekovnih dru\u0161tvenih igara, zatim <strong><em>\u00a0<\/em><\/strong>Vite\u0161ki turnir u Vite\u0161kom selu, vite\u0161ki i streli\u010darski turniri u srednjovekovnom selu, defile: vite\u0161ke trupe BELI ORLOVI, resital Slovo ljubve i Vite\u0161ki program.<\/p>\n<p>Kompleks manastira Manasija je opasan velikim zidovima koji su slu\u017eili za odbranu. Re\u010d<strong> je o utvr\u0111enoj celini koju okru\u017euju 11 kula<\/strong>, od kojih se isticala don\u017eon kula, poznatija kao Despotova kula. Iako je sa\u010duvana tek tre\u0107ina fresaka u manastiru, \u017eivopis Manasije spada u red najve\u0107ih dometa srednjovekovnog slikarstva.<\/p>\n<p>Tre\u0107i dan festivala po\u010dinje malom \u0161kolom ma\u010devanja, ga\u0111anja iz luka i strele, radionica grn\u010darije i srednjovekovnih dru\u0161tvenih igara, slede vite\u0161ke borbe u razli\u010ditim vite\u0161kim borila\u010dkim disciplinama uVite\u0161kom selu.<\/p>\n<div id='gallery-3' class='gallery galleryid-4197 gallery-columns-2 gallery-size-large'><figure class='gallery-item'>\n\t\t\t<div class='gallery-icon landscape'>\n\t\t\t\t<a href='https:\/\/centralmedia.rs\/index.php\/2016\/06\/30\/evropski-vitezovi-dolaze-u-despotovac\/festival-vitezova-desptovac-j-o-1\/'><img loading=\"lazy\" decoding=\"async\" width=\"760\" height=\"507\" src=\"https:\/\/centralmedia.rs\/wp-content\/uploads\/2016\/06\/festival-vitezova-desptovac-j.o.-1-1024x683.jpg\" class=\"attachment-large size-large\" alt=\"\" srcset=\"https:\/\/centralmedia.rs\/wp-content\/uploads\/2016\/06\/festival-vitezova-desptovac-j.o.-1-1024x683.jpg 1024w, https:\/\/centralmedia.rs\/wp-content\/uploads\/2016\/06\/festival-vitezova-desptovac-j.o.-1-300x200.jpg 300w, https:\/\/centralmedia.rs\/wp-content\/uploads\/2016\/06\/festival-vitezova-desptovac-j.o.-1-768x512.jpg 768w, https:\/\/centralmedia.rs\/wp-content\/uploads\/2016\/06\/festival-vitezova-desptovac-j.o.-1.jpg 1200w\" sizes=\"(max-width: 760px) 100vw, 760px\" \/><\/a>\n\t\t\t<\/div><\/figure><figure class='gallery-item'>\n\t\t\t<div class='gallery-icon landscape'>\n\t\t\t\t<a href='https:\/\/centralmedia.rs\/index.php\/2016\/06\/30\/evropski-vitezovi-dolaze-u-despotovac\/festival-vitezova-desptovac-j-o-4\/'><img loading=\"lazy\" decoding=\"async\" width=\"760\" height=\"507\" src=\"https:\/\/centralmedia.rs\/wp-content\/uploads\/2016\/06\/festival-vitezova-desptovac-j.o.-4-1024x683.jpg\" class=\"attachment-large size-large\" alt=\"\" srcset=\"https:\/\/centralmedia.rs\/wp-content\/uploads\/2016\/06\/festival-vitezova-desptovac-j.o.-4-1024x683.jpg 1024w, https:\/\/centralmedia.rs\/wp-content\/uploads\/2016\/06\/festival-vitezova-desptovac-j.o.-4-300x200.jpg 300w, https:\/\/centralmedia.rs\/wp-content\/uploads\/2016\/06\/festival-vitezova-desptovac-j.o.-4-768x512.jpg 768w, https:\/\/centralmedia.rs\/wp-content\/uploads\/2016\/06\/festival-vitezova-desptovac-j.o.-4.jpg 1200w\" sizes=\"(max-width: 760px) 100vw, 760px\" \/><\/a>\n\t\t\t<\/div><\/figure>\n\t\t<\/div>\n\n<p>Tokom radova na rekonstrukciji manastirske crkve u Manasiji po\u010detkom ovog veka, otkriveni su zemni ostaci za koje je utvr\u0111eno da pripadaju despotu Stefanu. DNK analiza tih ostataka je sa 99,9378% ta\u010dnosti potvrdila da se radi o sinu kneza Lazara.<\/p>\n<p>Srednjovekovni kamp &#8211; selo u kojem su sme\u0161teni vitezovi, otvoren je za obilazak posetilaca.<\/p>\n<p><em><strong>Pozitivni primeri-Razglednica iz Despotovca \u2013 Projekat se realizuje uz pomo\u0107 sredstava iz bud\u017eeta Op\u0161tine Despotovac<\/strong><\/em><\/p>\n","protected":false},"excerpt":{"rendered":"<p>DESPOTOVAC-Me\u0111unarodni vite\u0161ki festival Despot Stefan Lazarevi\u0107 &#8211; Just out 2016 okupi\u0107e podno zidina manastira Manasija od 26. do 28. avgusta vitezove iz 15 dr\u017eava Evrope. &hellip; <\/p>\n","protected":false},"author":4,"featured_media":4198,"comment_status":"open","ping_status":"open","sticky":false,"template":"","format":"standard","meta":{"footnotes":""},"categories":[1518,1524,2,15,887,12],"tags":[51,922,54,1121],"_links":{"self":[{"href":"https:\/\/centralmedia.rs\/index.php\/wp-json\/wp\/v2\/posts\/4197"}],"collection":[{"href":"https:\/\/centralmedia.rs\/index.php\/wp-json\/wp\/v2\/posts"}],"about":[{"href":"https:\/\/centralmedia.rs\/index.php\/wp-json\/wp\/v2\/types\/post"}],"author":[{"embeddable":true,"href":"https:\/\/centralmedia.rs\/index.php\/wp-json\/wp\/v2\/users\/4"}],"replies":[{"embeddable":true,"href":"https:\/\/centralmedia.rs\/index.php\/wp-json\/wp\/v2\/comments?post=4197"}],"version-history":[{"count":0,"href":"https:\/\/centralmedia.rs\/index.php\/wp-json\/wp\/v2\/posts\/4197\/revisions"}],"wp:featuredmedia":[{"embeddable":true,"href":"https:\/\/centralmedia.rs\/index.php\/wp-json\/wp\/v2\/media\/4198"}],"wp:attachment":[{"href":"https:\/\/centralmedia.rs\/index.php\/wp-json\/wp\/v2\/media?parent=4197"}],"wp:term":[{"taxonomy":"category","embeddable":true,"href":"https:\/\/centralmedia.rs\/index.php\/wp-json\/wp\/v2\/categories?post=4197"},{"taxonomy":"post_tag","embeddable":true,"href":"https:\/\/centralmedia.rs\/index.php\/wp-json\/wp\/v2\/tags?post=4197"}],"curies":[{"name":"wp","href":"https:\/\/api.w.org\/{rel}","templated":true}]}}