{"id":41996,"date":"2025-02-27T12:14:19","date_gmt":"2025-02-27T11:14:19","guid":{"rendered":"https:\/\/centralmedia.rs\/?p=41996"},"modified":"2025-03-01T01:14:37","modified_gmt":"2025-03-01T00:14:37","slug":"pocela-realizacija-projekta-izgradnje-regionalnog-trening-centra","status":"publish","type":"post","link":"https:\/\/centralmedia.rs\/index.php\/2025\/02\/27\/pocela-realizacija-projekta-izgradnje-regionalnog-trening-centra\/","title":{"rendered":"PO\u010cELA REALIZACIJA PROJEKTA IZGRADNjE REGIONALNOG TRENING CENTRA"},"content":{"rendered":"\n<p>U dvori\u0161tu Srednje \u0161kole \u201eSvilajnac\u201c po\u010delo se sa pripremama terena za izgradnju Regionalnog trening centra, koju finansiraju Kancelarija za dualno obrazovanje Vlade Republike Srbije i Op\u0161tina Svilajnac, koja je obezbedila tehni\u010dku dokumenatciju i neophodne dozvole.<\/p>\n\n\n\n<p>Predsednik op\u0161tine Svilajnac Predrag Milanovi\u0107 obi\u0161ao je radove i istakao da \u0107e Regionalni trening centar biti zna\u010dajan kako za u\u010denike i privredu, tako i za sve gra\u0111ane:<\/p>\n\n\n\n<p>\u201eU\u010denici \u0107e ovde obavljati stru\u010dnu praksu, ali radi\u0107e se i novi programi kao \u0161to su dokvalifikacija i prekvalifikacija svih gra\u0111ana koji to \u017eele i to ne samo gra\u0111ana Svilajnca, s obzirom da se radi o regionalnom projektu. Na ovaj na\u010din stvara\u0107emo dovoljno obu\u010denu i kvalifikovanu radnu snagu za postoje\u0107u industriju, a to zna\u010di i ve\u0107e plate\u201c \u2013 izjavio je on dodav\u0161i da \u0107e budu\u0107i objekat biti na mestu dosada\u0161njih radionica, ima\u0107e oko 1.000 m\u00b2 i bi\u0107e prakti\u010dno jedna nova institucija u na\u0161oj op\u0161tini.<\/p>\n\n\n\n<p>Planirano je da se po\u010detkom marta krene sa samom izgradnjom objekta, a da ceo projekat, zajedno sa nabavkom opreme, bude gotov za oko godinu dana.<\/p>\n\n\n\n<p>Na pitanje da prokomentari\u0161e aktuelne studentske proteste u Svilajncu predsednik Predrag Milanovi\u0107 rekao je da je i on sam mnogo puta do sada demonstrirao i da li\u010dno nema ni\u0161ta protiv protesta, jer je to odraz demokratskog dru\u0161tva i ambijenta:<\/p>\n\n\n\n<p>\u201eOvo \u0161to se de\u0161ava u na\u0161oj Srednjoj \u0161koli i gradu je dobro da se neke stvari malo promene na bolje. Dobro je da na\u0161e \u0161kole rade i da deca poha\u0111aju nastavu. Protesti u Svilajncu su dobar primer kako oni treba da izgledaju, da budu mirni i da se na dostojanstven na\u010din iska\u017eu pojedini stavovi\u201c \u2013 objasnio je Milanovi\u0107 i dodao da ne podr\u017eava ako proteste neko zloupotrebljava za li\u010dne ili politi\u010dke poene ili obra\u010dune.<\/p>\n","protected":false},"excerpt":{"rendered":"<p>U dvori\u0161tu Srednje \u0161kole \u201eSvilajnac\u201c po\u010delo se sa pripremama terena za izgradnju Regionalnog trening centra, koju finansiraju Kancelarija za dualno obrazovanje Vlade Republike Srbije i &hellip; <\/p>\n","protected":false},"author":2,"featured_media":41997,"comment_status":"closed","ping_status":"open","sticky":false,"template":"","format":"standard","meta":{"footnotes":""},"categories":[1524,2,13,12,1517],"tags":[38,6928],"_links":{"self":[{"href":"https:\/\/centralmedia.rs\/index.php\/wp-json\/wp\/v2\/posts\/41996"}],"collection":[{"href":"https:\/\/centralmedia.rs\/index.php\/wp-json\/wp\/v2\/posts"}],"about":[{"href":"https:\/\/centralmedia.rs\/index.php\/wp-json\/wp\/v2\/types\/post"}],"author":[{"embeddable":true,"href":"https:\/\/centralmedia.rs\/index.php\/wp-json\/wp\/v2\/users\/2"}],"replies":[{"embeddable":true,"href":"https:\/\/centralmedia.rs\/index.php\/wp-json\/wp\/v2\/comments?post=41996"}],"version-history":[{"count":1,"href":"https:\/\/centralmedia.rs\/index.php\/wp-json\/wp\/v2\/posts\/41996\/revisions"}],"predecessor-version":[{"id":41998,"href":"https:\/\/centralmedia.rs\/index.php\/wp-json\/wp\/v2\/posts\/41996\/revisions\/41998"}],"wp:featuredmedia":[{"embeddable":true,"href":"https:\/\/centralmedia.rs\/index.php\/wp-json\/wp\/v2\/media\/41997"}],"wp:attachment":[{"href":"https:\/\/centralmedia.rs\/index.php\/wp-json\/wp\/v2\/media?parent=41996"}],"wp:term":[{"taxonomy":"category","embeddable":true,"href":"https:\/\/centralmedia.rs\/index.php\/wp-json\/wp\/v2\/categories?post=41996"},{"taxonomy":"post_tag","embeddable":true,"href":"https:\/\/centralmedia.rs\/index.php\/wp-json\/wp\/v2\/tags?post=41996"}],"curies":[{"name":"wp","href":"https:\/\/api.w.org\/{rel}","templated":true}]}}