{"id":42005,"date":"2025-02-27T09:21:29","date_gmt":"2025-02-27T08:21:29","guid":{"rendered":"https:\/\/centralmedia.rs\/?p=42005"},"modified":"2025-03-01T01:21:44","modified_gmt":"2025-03-01T00:21:44","slug":"predstavnici-eu-i-ministarstva-za-evropske-integracije-posetili-mlekaru-nasa-zlatka-u-krivoj-reci","status":"publish","type":"post","link":"https:\/\/centralmedia.rs\/index.php\/2025\/02\/27\/predstavnici-eu-i-ministarstva-za-evropske-integracije-posetili-mlekaru-nasa-zlatka-u-krivoj-reci\/","title":{"rendered":"PREDSTAVNICI EU I MINISTARSTVA ZA EVROPSKE INTEGRACIJE POSETILI MLEKARU \u201eNA\u0160A ZLATKA\u201c U KRIVOJ RECI"},"content":{"rendered":"\n<p>Predstavnik Delegacije Evropske unije u Srbiji Nikola Bertolini i dr\u017eavna sekretarka u Ministarstvu za evropske integracije Mira Radenovi\u0107 Boji\u0107 posetili su danas mlekaru \u201eNa\u0161a Zlatka\u201c u Krivoj Reci, gde su se upoznali sa rezultatima projekta \u201eOd mleka sa na\u0161ih planina\u201c.<\/p>\n\n\n\n<figure class=\"wp-block-gallery has-nested-images columns-default is-cropped wp-block-gallery-1 is-layout-flex wp-block-gallery-is-layout-flex\">\n<figure class=\"wp-block-image size-large\"><img loading=\"lazy\" decoding=\"async\" width=\"768\" height=\"1024\" data-id=\"42008\" src=\"https:\/\/centralmedia.rs\/wp-content\/uploads\/2025\/03\/eu1-768x1024.jpg\" alt=\"\" class=\"wp-image-42008\" srcset=\"https:\/\/centralmedia.rs\/wp-content\/uploads\/2025\/03\/eu1-768x1024.jpg 768w, https:\/\/centralmedia.rs\/wp-content\/uploads\/2025\/03\/eu1-225x300.jpg 225w, https:\/\/centralmedia.rs\/wp-content\/uploads\/2025\/03\/eu1-1152x1536.jpg 1152w, https:\/\/centralmedia.rs\/wp-content\/uploads\/2025\/03\/eu1.jpg 1536w\" sizes=\"(max-width: 768px) 100vw, 768px\" \/><\/figure>\n\n\n\n<figure class=\"wp-block-image size-large\"><img loading=\"lazy\" decoding=\"async\" width=\"768\" height=\"1024\" data-id=\"42009\" src=\"https:\/\/centralmedia.rs\/wp-content\/uploads\/2025\/03\/eu2-768x1024.jpg\" alt=\"\" class=\"wp-image-42009\" srcset=\"https:\/\/centralmedia.rs\/wp-content\/uploads\/2025\/03\/eu2-768x1024.jpg 768w, https:\/\/centralmedia.rs\/wp-content\/uploads\/2025\/03\/eu2-225x300.jpg 225w, https:\/\/centralmedia.rs\/wp-content\/uploads\/2025\/03\/eu2-1152x1536.jpg 1152w, https:\/\/centralmedia.rs\/wp-content\/uploads\/2025\/03\/eu2.jpg 1536w\" sizes=\"(max-width: 768px) 100vw, 768px\" \/><\/figure>\n<\/figure>\n\n\n\n<p>Tokom obilaska proizvodnog pogona, Bertolini je izrazio zadovoljstvo uspe\u0161nom realizacijom projekta i istakao da su evropska sredstva iskori\u0161\u0107ena na najbolji na\u010din kako bi se podr\u017eala lokalna ekonomija i omogu\u0107io odr\u017eiv razvoj seoskih sredina.<\/p>\n\n\n\n<p>\u201eOvakvi projekti doprinose o\u010duvanju lokalnih zajednica, podsti\u010du zapo\u0161ljavanje i omogu\u0107avaju ljudima da ostanu i rade u svojim mestima. Evropska unija nastavlja da podr\u017eava inicijative koje ja\u010daju lokalne ekonomije i veoma sam sre\u0107an \u0161to vidim konkretne rezultate te podr\u0161ke,\u201c izjavio je Bertolini.<\/p>\n\n\n\n<p>Direktor Regionalne razvojne agencije Zlatibor Slavko Luki\u0107 naglasio je da je ova poseta potvrda dugogodi\u0161nje saradnje Op\u0161tine \u010cajetina, Regionalne razvojne agencije Zlatibor (RRA) i fondova Evropske unije. \u201ePodr\u0161ka Op\u0161tine \u010cajetina ovom projektu pokazuje koliko je va\u017eno ulagati u o\u010duvanje sela, doma\u0107e proizvodnje i porodi\u010dnih gazdinstava. Od po\u010detnog mikronivoa, danas imamo prepoznatljiv brend \u2013 mlekaru \u2018Na\u0161a Zlatka\u2019,\u201c rekao je Luki\u0107.<\/p>\n\n\n\n<p>Direktor \u201eEko Agrara\u201c Marko Mari\u0107 istakao je da mlekara trenutno prera\u0111uje tri do \u010detiri hiljade litara mleka dnevno, od \u010dega je zna\u010dajan deo posve\u0107en proizvodnji organskih mle\u010dnih proizvoda.<\/p>\n\n\n\n<p>Projekat \u201eOd mleka sa na\u0161ih planina \u2013 Valorizacija proizvodnje mleka u prekograni\u010dnoj oblasti Crne Gore i Srbije\u201c sproveden je u okviru Programa prekograni\u010dne saradnje Srbija\u2013Crna Gora 2007\u20132013, a njegova realizacija zna\u010dajno je doprinela unapre\u0111enju mle\u010dne proizvodnje na Zlatiboru.<\/p>\n\n\n\n<p>Op\u0161tina \u010cajetina nastavlja da aktivno podr\u017eava projekte koji doprinose razvoju poljoprivrede i ja\u010danju lokalne privrede, u saradnji sa me\u0111unarodnim partnerima i institucijama.<\/p>\n","protected":false},"excerpt":{"rendered":"<p>Predstavnik Delegacije Evropske unije u Srbiji Nikola Bertolini i dr\u017eavna sekretarka u Ministarstvu za evropske integracije Mira Radenovi\u0107 Boji\u0107 posetili su danas mlekaru \u201eNa\u0161a Zlatka\u201c &hellip; <\/p>\n","protected":false},"author":2,"featured_media":42007,"comment_status":"closed","ping_status":"open","sticky":false,"template":"","format":"standard","meta":{"footnotes":""},"categories":[2875,1524,2,13,12],"tags":[6530,225,6929],"_links":{"self":[{"href":"https:\/\/centralmedia.rs\/index.php\/wp-json\/wp\/v2\/posts\/42005"}],"collection":[{"href":"https:\/\/centralmedia.rs\/index.php\/wp-json\/wp\/v2\/posts"}],"about":[{"href":"https:\/\/centralmedia.rs\/index.php\/wp-json\/wp\/v2\/types\/post"}],"author":[{"embeddable":true,"href":"https:\/\/centralmedia.rs\/index.php\/wp-json\/wp\/v2\/users\/2"}],"replies":[{"embeddable":true,"href":"https:\/\/centralmedia.rs\/index.php\/wp-json\/wp\/v2\/comments?post=42005"}],"version-history":[{"count":1,"href":"https:\/\/centralmedia.rs\/index.php\/wp-json\/wp\/v2\/posts\/42005\/revisions"}],"predecessor-version":[{"id":42010,"href":"https:\/\/centralmedia.rs\/index.php\/wp-json\/wp\/v2\/posts\/42005\/revisions\/42010"}],"wp:featuredmedia":[{"embeddable":true,"href":"https:\/\/centralmedia.rs\/index.php\/wp-json\/wp\/v2\/media\/42007"}],"wp:attachment":[{"href":"https:\/\/centralmedia.rs\/index.php\/wp-json\/wp\/v2\/media?parent=42005"}],"wp:term":[{"taxonomy":"category","embeddable":true,"href":"https:\/\/centralmedia.rs\/index.php\/wp-json\/wp\/v2\/categories?post=42005"},{"taxonomy":"post_tag","embeddable":true,"href":"https:\/\/centralmedia.rs\/index.php\/wp-json\/wp\/v2\/tags?post=42005"}],"curies":[{"name":"wp","href":"https:\/\/api.w.org\/{rel}","templated":true}]}}