{"id":42014,"date":"2025-03-01T20:11:33","date_gmt":"2025-03-01T19:11:33","guid":{"rendered":"https:\/\/centralmedia.rs\/?p=42014"},"modified":"2025-03-02T15:15:51","modified_gmt":"2025-03-02T14:15:51","slug":"protest-studentski-edikt-u-nisu-studenti-i-gradani-u-centru-grada-procitan-tekst-edikta","status":"publish","type":"post","link":"https:\/\/centralmedia.rs\/index.php\/2025\/03\/01\/protest-studentski-edikt-u-nisu-studenti-i-gradani-u-centru-grada-procitan-tekst-edikta\/","title":{"rendered":"PROTEST &#8220;STUDENTSKI EDIKT&#8221; U NI\u0160U \u2013 STUDENTI I GRA\u0110ANI U CENTRU GRADA, PRO\u010cITAN TEKST EDIKTA"},"content":{"rendered":"\n<p>Veliki protest &#8220;Studentski edikt&#8221; odr\u017eava se u Ni\u0161u na poziv studenata Ni\u0161kog univerziteta, a povodom \u010detiri meseca od pada nadstre\u0161nice na \u017delezni\u010dkoj stanici u Novom Sadu, kada je 15 ljudi poginulo, a dve osobe su te\u0161ko povre\u0111ene. Studenti i gra\u0111ani su na Trgu kralja Milana, i u okolnim ulicama, sa zastavama Srbije i transparentima. Petnaestominutnom ti\u0161inom u 11.52 odata je po\u0161ta stradalima u padu nadstre\u0161nice, posle \u010dega je i zvani\u010dno po\u010deo program skupa \u2013 predstava, nastupi dva benda i de\u010djeg i blokadnog hora, performans glumaca i studenta, govori studenata, a pro\u010ditan je i Studentski edikt. Predvi\u0111eno je da protest i blokada traju 18 sati \u2013 do tri \u010dasa posle pono\u0107i. Protestom kru\u017ee leci u kojima se poziva na veliki skup u Beogradu 15. marta.<\/p>\n\n\n\n<figure class=\"wp-block-gallery has-nested-images columns-default is-cropped wp-block-gallery-1 is-layout-flex wp-block-gallery-is-layout-flex\">\n<figure class=\"wp-block-image size-large\"><img loading=\"lazy\" decoding=\"async\" width=\"819\" height=\"1024\" data-id=\"42016\" src=\"https:\/\/centralmedia.rs\/wp-content\/uploads\/2025\/03\/protest1-819x1024.jpg\" alt=\"\" class=\"wp-image-42016\" srcset=\"https:\/\/centralmedia.rs\/wp-content\/uploads\/2025\/03\/protest1-819x1024.jpg 819w, https:\/\/centralmedia.rs\/wp-content\/uploads\/2025\/03\/protest1-240x300.jpg 240w, https:\/\/centralmedia.rs\/wp-content\/uploads\/2025\/03\/protest1-768x960.jpg 768w, https:\/\/centralmedia.rs\/wp-content\/uploads\/2025\/03\/protest1-1229x1536.jpg 1229w, https:\/\/centralmedia.rs\/wp-content\/uploads\/2025\/03\/protest1.jpg 1440w\" sizes=\"(max-width: 819px) 100vw, 819px\" \/><\/figure>\n\n\n\n<figure class=\"wp-block-image size-large\"><img loading=\"lazy\" decoding=\"async\" width=\"819\" height=\"1024\" data-id=\"42019\" src=\"https:\/\/centralmedia.rs\/wp-content\/uploads\/2025\/03\/protest2-819x1024.jpg\" alt=\"\" class=\"wp-image-42019\" srcset=\"https:\/\/centralmedia.rs\/wp-content\/uploads\/2025\/03\/protest2-819x1024.jpg 819w, https:\/\/centralmedia.rs\/wp-content\/uploads\/2025\/03\/protest2-240x300.jpg 240w, https:\/\/centralmedia.rs\/wp-content\/uploads\/2025\/03\/protest2-768x960.jpg 768w, https:\/\/centralmedia.rs\/wp-content\/uploads\/2025\/03\/protest2-1229x1536.jpg 1229w, https:\/\/centralmedia.rs\/wp-content\/uploads\/2025\/03\/protest2.jpg 1440w\" sizes=\"(max-width: 819px) 100vw, 819px\" \/><\/figure>\n\n\n\n<figure class=\"wp-block-image size-large\"><img loading=\"lazy\" decoding=\"async\" width=\"1024\" height=\"768\" data-id=\"42018\" src=\"https:\/\/centralmedia.rs\/wp-content\/uploads\/2025\/03\/protest3-1024x768.jpg\" alt=\"\" class=\"wp-image-42018\" srcset=\"https:\/\/centralmedia.rs\/wp-content\/uploads\/2025\/03\/protest3-1024x768.jpg 1024w, https:\/\/centralmedia.rs\/wp-content\/uploads\/2025\/03\/protest3-300x225.jpg 300w, https:\/\/centralmedia.rs\/wp-content\/uploads\/2025\/03\/protest3-768x576.jpg 768w, https:\/\/centralmedia.rs\/wp-content\/uploads\/2025\/03\/protest3.jpg 1440w\" sizes=\"(max-width: 1024px) 100vw, 1024px\" \/><\/figure>\n\n\n\n<figure class=\"wp-block-image size-large\"><img loading=\"lazy\" decoding=\"async\" width=\"1024\" height=\"768\" data-id=\"42017\" src=\"https:\/\/centralmedia.rs\/wp-content\/uploads\/2025\/03\/protest4-1024x768.jpg\" alt=\"\" class=\"wp-image-42017\" srcset=\"https:\/\/centralmedia.rs\/wp-content\/uploads\/2025\/03\/protest4-1024x768.jpg 1024w, https:\/\/centralmedia.rs\/wp-content\/uploads\/2025\/03\/protest4-300x225.jpg 300w, https:\/\/centralmedia.rs\/wp-content\/uploads\/2025\/03\/protest4-768x576.jpg 768w, https:\/\/centralmedia.rs\/wp-content\/uploads\/2025\/03\/protest4.jpg 1440w\" sizes=\"(max-width: 1024px) 100vw, 1024px\" \/><\/figure>\n<\/figure>\n\n\n\n<p>Sa bine na Trgu kralja Milana pro\u010ditan je i tekst Studentskog edikta.<\/p>\n\n\n\n<p>&#8220;Mi, studenti i slobodni gra\u0111ani Srbije, sabrani u gradu Ni\u0161u, u gradu koji je svedok novih ideja i promena, u gradu koji je kroz vekove raskrsnica istorije, a gde je sloboda uvek nalazila svoj put, donosimo ovaj edikt kojim progla\u0161avamo vrednosti za koje se borimo, kao zavet budu\u0107nosti i dr\u017eavi u kojoj \u017eelimo da \u017eivimo.<\/p>\n\n\n\n<p>I O SLOBODI Srbija je zemlja slobodnih ljudi. Sloboda nije milost, ve\u0107 osnovno pravo neodvojivo od dostojanstva svakog gra\u0111anina. Sloboda je temelj na\u0161eg demokratskog dru\u0161tva, na\u0161ih zakona, na\u0161e re\u010di i na\u0161ih misli.<\/p>\n\n\n\n<p>II O DR\u017dAVI Dr\u017eava je zajedni\u010dko dobro svih njenih gra\u0111ana. Institucije Srbije moraju slu\u017eiti narodu i biti temelj poverenja, a ne instrument mo\u0107i pojedinaca. Zala\u017eemo se za dr\u017eavu u kojoj zakon predstavlja vrhovni autoritet i gde politi\u010dka funkcija zna\u010di slu\u017ebu gra\u0111anima, a ne privilegiju.<\/p>\n\n\n\n<p>III O PRAVDI Pravda je osnova stabilnog dru\u0161tva. Nezavisno sudstvo, slobodni mediji i institucije moraju delovati po zakonu, a ne pod politi\u010dkim pritiskom. Jednakost prava mora biti stvarnost za svakog gra\u0111anina Srbije.<\/p>\n\n\n\n<p>IV O MLADOSTI Mladi su pokazali da nisu samo naslednici Srbije, ve\u0107 njeni ustavobranitelji. Studenti, kao nosioci ove borbe, \u010duvaju vrednosti na kojima treba da po\u010diva na\u0161e dru\u0161tvo. Mladost Srbije tra\u017ei sistem zasnovan na trudu i znanju.<\/p>\n\n\n\n<p>V O DOSTOJANSTVU Zala\u017eemo se za dru\u0161tvo u kojem se po\u0161tuje dostojanstvo svakog pojedinca. Dostojanstvo podrazumeva da nijedna osoba ne bude dovedena u polo\u017eaj poni\u017eenja zbog svojih stavova i mi\u0161ljenja. Srbija u kojoj stru\u010dnjaci nisu potcenjeni i gde se znanje vrednuje vi\u0161e od poslu\u0161nosti, gde mladi vide nadu u svojoj zemlji.<\/p>\n\n\n\n<p>VI O ZNANjU Znanje je temelj napretka svakog dru\u0161tva. Tra\u017eimo Srbiju koja ula\u017ee u nauku, istra\u017eivanje, obrazovanje i kulturu kao prioritete svog razvoja. Univerziteti moraju biti nezavisni centri izvrsnosti, a ne poligoni za kupovinu diploma i politi\u010dke uticaje.<\/p>\n\n\n\n<p>VII O SOLIDARNOSTI Putevi na\u0161ih gradova, od Ni\u0161a do Novog Sada, od Beograda do Kragujevca, svedo\u010de o snazi narodnog jedinstva. Ova solidarnost, do sada nepoznata sistemima zasnovanim na razdoru, postaje na\u0161 zavet i na\u0161a snaga, koju \u0107emo braniti i negovati. Pretvaraju\u0107i pojedina\u010dne glasove u silu promene, dokazali smo da Srbija nije skup podeljenih interesa, ve\u0107 zajednica gra\u0111ana koji dele viziju budu\u0107nosti.<\/p>\n\n\n\n<p>VIII O BUDU\u0106NOSTI Neka ovaj edikt bude na\u0161a obaveza, na\u0161e obe\u0107anje jedni drugima \u2013 da \u0107emo graditi dr\u017eavu koja \u0107e pripadati svima, u kojoj \u0107e svako dete mo\u0107i da sanja velike snove. Dr\u017eava u kojoj \u0107e pravda i sloboda biti ja\u010de od bilo kog pojedinca, u kojoj se vlast ne\u0107e slu\u017eiti narodom, ve\u0107 \u0107e ona slu\u017eiti narodu.<\/p>\n","protected":false},"excerpt":{"rendered":"<p>Veliki protest &#8220;Studentski edikt&#8221; odr\u017eava se u Ni\u0161u na poziv studenata Ni\u0161kog univerziteta, a povodom \u010detiri meseca od pada nadstre\u0161nice na \u017delezni\u010dkoj stanici u Novom &hellip; <\/p>\n","protected":false},"author":2,"featured_media":42015,"comment_status":"closed","ping_status":"open","sticky":false,"template":"","format":"standard","meta":{"footnotes":""},"categories":[13,12],"tags":[6932,532,1922,213],"_links":{"self":[{"href":"https:\/\/centralmedia.rs\/index.php\/wp-json\/wp\/v2\/posts\/42014"}],"collection":[{"href":"https:\/\/centralmedia.rs\/index.php\/wp-json\/wp\/v2\/posts"}],"about":[{"href":"https:\/\/centralmedia.rs\/index.php\/wp-json\/wp\/v2\/types\/post"}],"author":[{"embeddable":true,"href":"https:\/\/centralmedia.rs\/index.php\/wp-json\/wp\/v2\/users\/2"}],"replies":[{"embeddable":true,"href":"https:\/\/centralmedia.rs\/index.php\/wp-json\/wp\/v2\/comments?post=42014"}],"version-history":[{"count":1,"href":"https:\/\/centralmedia.rs\/index.php\/wp-json\/wp\/v2\/posts\/42014\/revisions"}],"predecessor-version":[{"id":42020,"href":"https:\/\/centralmedia.rs\/index.php\/wp-json\/wp\/v2\/posts\/42014\/revisions\/42020"}],"wp:featuredmedia":[{"embeddable":true,"href":"https:\/\/centralmedia.rs\/index.php\/wp-json\/wp\/v2\/media\/42015"}],"wp:attachment":[{"href":"https:\/\/centralmedia.rs\/index.php\/wp-json\/wp\/v2\/media?parent=42014"}],"wp:term":[{"taxonomy":"category","embeddable":true,"href":"https:\/\/centralmedia.rs\/index.php\/wp-json\/wp\/v2\/categories?post=42014"},{"taxonomy":"post_tag","embeddable":true,"href":"https:\/\/centralmedia.rs\/index.php\/wp-json\/wp\/v2\/tags?post=42014"}],"curies":[{"name":"wp","href":"https:\/\/api.w.org\/{rel}","templated":true}]}}