{"id":42021,"date":"2025-03-01T20:16:28","date_gmt":"2025-03-01T19:16:28","guid":{"rendered":"https:\/\/centralmedia.rs\/?p=42021"},"modified":"2025-03-02T15:15:42","modified_gmt":"2025-03-02T14:15:42","slug":"vucic-znacajan-pad-podrske-onima-koji-protestuju-sledi-radikalizacija","status":"publish","type":"post","link":"https:\/\/centralmedia.rs\/index.php\/2025\/03\/01\/vucic-znacajan-pad-podrske-onima-koji-protestuju-sledi-radikalizacija\/","title":{"rendered":"VU\u010cI\u0106: &#8220;ZNA\u010cAJAN PAD PODR\u0160KE ONIMA KOJI PROTESTUJU, SLEDI RADIKALIZACIJA&#8221;"},"content":{"rendered":"\n<p>Odgovaraju\u0107i na novinarsko pitanje o studentskom protest u Ni\u0161u, predsednik Vu\u010di\u0107 je rekao da oni koji protestuju u Srbiji sada imaju ve\u0107 zna\u010dajan pad podr\u0161ke, da moraju da se okupljaju iz cele zemlje i da od toga prave velike doga\u0111aje.<\/p>\n\n\n\n<figure class=\"wp-block-gallery has-nested-images columns-default is-cropped wp-block-gallery-1 is-layout-flex wp-block-gallery-is-layout-flex\">\n<figure class=\"wp-block-image size-large\"><img loading=\"lazy\" decoding=\"async\" width=\"834\" height=\"558\" data-id=\"42024\" src=\"https:\/\/centralmedia.rs\/wp-content\/uploads\/2025\/03\/AV-1.png\" alt=\"\" class=\"wp-image-42024\" srcset=\"https:\/\/centralmedia.rs\/wp-content\/uploads\/2025\/03\/AV-1.png 834w, https:\/\/centralmedia.rs\/wp-content\/uploads\/2025\/03\/AV-1-300x201.png 300w, https:\/\/centralmedia.rs\/wp-content\/uploads\/2025\/03\/AV-1-768x514.png 768w, https:\/\/centralmedia.rs\/wp-content\/uploads\/2025\/03\/AV-1-600x400.png 600w\" sizes=\"(max-width: 834px) 100vw, 834px\" \/><\/figure>\n\n\n\n<figure class=\"wp-block-image size-large\"><img loading=\"lazy\" decoding=\"async\" width=\"803\" height=\"553\" data-id=\"42023\" src=\"https:\/\/centralmedia.rs\/wp-content\/uploads\/2025\/03\/AV-2.png\" alt=\"\" class=\"wp-image-42023\" srcset=\"https:\/\/centralmedia.rs\/wp-content\/uploads\/2025\/03\/AV-2.png 803w, https:\/\/centralmedia.rs\/wp-content\/uploads\/2025\/03\/AV-2-300x207.png 300w, https:\/\/centralmedia.rs\/wp-content\/uploads\/2025\/03\/AV-2-768x529.png 768w\" sizes=\"(max-width: 803px) 100vw, 803px\" \/><\/figure>\n\n\n\n<figure class=\"wp-block-image size-large\"><img loading=\"lazy\" decoding=\"async\" width=\"801\" height=\"691\" data-id=\"42025\" src=\"https:\/\/centralmedia.rs\/wp-content\/uploads\/2025\/03\/AV-3.png\" alt=\"\" class=\"wp-image-42025\" srcset=\"https:\/\/centralmedia.rs\/wp-content\/uploads\/2025\/03\/AV-3.png 801w, https:\/\/centralmedia.rs\/wp-content\/uploads\/2025\/03\/AV-3-300x259.png 300w, https:\/\/centralmedia.rs\/wp-content\/uploads\/2025\/03\/AV-3-768x663.png 768w\" sizes=\"(max-width: 801px) 100vw, 801px\" \/><\/figure>\n\n\n\n<figure class=\"wp-block-image size-large\"><img loading=\"lazy\" decoding=\"async\" width=\"835\" height=\"556\" data-id=\"42027\" src=\"https:\/\/centralmedia.rs\/wp-content\/uploads\/2025\/03\/AV-4.png\" alt=\"\" class=\"wp-image-42027\" srcset=\"https:\/\/centralmedia.rs\/wp-content\/uploads\/2025\/03\/AV-4.png 835w, https:\/\/centralmedia.rs\/wp-content\/uploads\/2025\/03\/AV-4-300x200.png 300w, https:\/\/centralmedia.rs\/wp-content\/uploads\/2025\/03\/AV-4-768x511.png 768w, https:\/\/centralmedia.rs\/wp-content\/uploads\/2025\/03\/AV-4-600x400.png 600w\" sizes=\"(max-width: 835px) 100vw, 835px\" \/><\/figure>\n\n\n\n<figure class=\"wp-block-image size-large\"><img loading=\"lazy\" decoding=\"async\" width=\"835\" height=\"547\" data-id=\"42026\" src=\"https:\/\/centralmedia.rs\/wp-content\/uploads\/2025\/03\/AV-5.png\" alt=\"\" class=\"wp-image-42026\" srcset=\"https:\/\/centralmedia.rs\/wp-content\/uploads\/2025\/03\/AV-5.png 835w, https:\/\/centralmedia.rs\/wp-content\/uploads\/2025\/03\/AV-5-300x197.png 300w, https:\/\/centralmedia.rs\/wp-content\/uploads\/2025\/03\/AV-5-768x503.png 768w\" sizes=\"(max-width: 835px) 100vw, 835px\" \/><\/figure>\n<\/figure>\n\n\n\n<p>&#8220;Naprave da nema ni jednog mesta u hotelima, hostelima, kako u Ni\u0161u, tako i u Kragujevcu&#8221;, naveo je Vu\u010di\u0107.<\/p>\n\n\n\n<figure class=\"wp-block-gallery has-nested-images columns-default is-cropped wp-block-gallery-2 is-layout-flex wp-block-gallery-is-layout-flex\">\n<figure class=\"wp-block-image size-large\"><img loading=\"lazy\" decoding=\"async\" width=\"799\" height=\"557\" data-id=\"42029\" src=\"https:\/\/centralmedia.rs\/wp-content\/uploads\/2025\/03\/AV-7.png\" alt=\"\" class=\"wp-image-42029\" srcset=\"https:\/\/centralmedia.rs\/wp-content\/uploads\/2025\/03\/AV-7.png 799w, https:\/\/centralmedia.rs\/wp-content\/uploads\/2025\/03\/AV-7-300x209.png 300w, https:\/\/centralmedia.rs\/wp-content\/uploads\/2025\/03\/AV-7-768x535.png 768w\" sizes=\"(max-width: 799px) 100vw, 799px\" \/><\/figure>\n\n\n\n<figure class=\"wp-block-image size-large\"><img loading=\"lazy\" decoding=\"async\" width=\"798\" height=\"507\" data-id=\"42028\" src=\"https:\/\/centralmedia.rs\/wp-content\/uploads\/2025\/03\/AV-8.png\" alt=\"\" class=\"wp-image-42028\" srcset=\"https:\/\/centralmedia.rs\/wp-content\/uploads\/2025\/03\/AV-8.png 798w, https:\/\/centralmedia.rs\/wp-content\/uploads\/2025\/03\/AV-8-300x191.png 300w, https:\/\/centralmedia.rs\/wp-content\/uploads\/2025\/03\/AV-8-768x488.png 768w\" sizes=\"(max-width: 798px) 100vw, 798px\" \/><\/figure>\n\n\n\n<figure class=\"wp-block-image size-large\"><img loading=\"lazy\" decoding=\"async\" width=\"829\" height=\"554\" data-id=\"42030\" src=\"https:\/\/centralmedia.rs\/wp-content\/uploads\/2025\/03\/AV-9.png\" alt=\"\" class=\"wp-image-42030\" srcset=\"https:\/\/centralmedia.rs\/wp-content\/uploads\/2025\/03\/AV-9.png 829w, https:\/\/centralmedia.rs\/wp-content\/uploads\/2025\/03\/AV-9-300x200.png 300w, https:\/\/centralmedia.rs\/wp-content\/uploads\/2025\/03\/AV-9-768x513.png 768w, https:\/\/centralmedia.rs\/wp-content\/uploads\/2025\/03\/AV-9-600x400.png 600w\" sizes=\"(max-width: 829px) 100vw, 829px\" \/><\/figure>\n<\/figure>\n\n\n\n<p>Isti\u010de da sledi radikalizacija, jer kada do\u0111e do pada podr\u0161ke, onda mora da se ide u ekstremizaciju. &#8220;I onda morate da uradite pogre\u0161ne stvari, da napadate ljude koji druga\u010dije misle, da idete u tobo\u017enje osvajanje institucija i sve druge protivzakonite stvari koje ste ina\u010de osmislili&#8221;, rekao je Vu\u010di\u0107.<\/p>\n\n\n\n<p>Navode\u0107i da im ponestaje strpljenja, Vu\u010di\u0107 je rekao da jedina stvar koja mo\u017ee da bude pozitivna u svemu tome \u0161to je jako lo\u0161e, jeste da to urade \u0161to pre kako bi se \u0161to pre i zavr\u0161ilo.<\/p>\n\n\n\n<p>&#8220;Nekih 500.000 ljudi u ovoj zemlji \u017eivi taj \u017eivot potpuno van realnosti, misli da je mogu\u0107e da se \u017eivi bez rada, bez znanja, da je mogu\u0107e da se \u017eivi samo na tome \u0161to \u0107ete biti profesionalni demonstranti i ni\u0161ta vi\u0161e od toga. Nije mogu\u0107e. A to da nam u \u0161kolama deca ne u\u010de, ne \u010ditaju knjige, ne pi\u0161u u svoje sveske, nego moraju da rade ono \u0161to im ka\u017eu nastavnici koji imaju politi\u010dke ambicije ili njihovi roditelji, to je ne\u0161to \u0161to moramo da prevazi\u0111emo i mora\u0107emo vrlo brzo to da prevazi\u0111emo&#8221;, rekao je Vu\u010di\u0107.<\/p>\n\n\n\n<p>Vu\u010di\u0107: Brzu saobra\u0107ajnicu do Golupca nastavi\u0107emo ka Brzoj Palanci i Negotinu<\/p>\n\n\n\n<p>Predsednik Aleksandar Vu\u010di\u0107 nastavio je posetu Zaje\u010darskom i Borskom okrugu. Razgovarao je sa \u017eiteljima i malim privrednicima. Vu\u010di\u0107 je rekao da istok Srbije ima ogromne potencijale i da mnogo zna\u010di kada se na\u0161i ljudi vra\u0107aju u zemlju.<\/p>\n\n\n\n<p>&#8220;Brzu saobra\u0107ajnicu do Golupca nastavi\u0107emo ka Brzoj Palanci i Negotinu&#8221;<\/p>\n\n\n\n<p>Predsednik Aleksandar Vu\u010di\u0107 izjavio je da \u0107e brza saobra\u0107ajnica od Po\u017earevca do Golupca biti zavr\u0161ena za manje godinu dana, kao i da \u0107e posle biti nastavljena njena radnja do Brze Palanke, Negotina i Kladova.<\/p>\n\n\n\n<p>&#8220;Nastavi\u0107emo kada budemo zavr\u0161ili brzu saobra\u0107ajnicu do Golupca i obilaznicu oko Golupca. Kada krenemo da radimo, nastavljamo put do Brze Palanke. Kada stignemo do Brze Palanke, onda su i Negotin i Kladovo tu&#8221;, rekao je Vu\u010di\u0107 u razgovoru sa gra\u0111anima, u okviru posete Zaje\u010darskom i Borskom okrugu.<\/p>\n\n\n\n<p>Istakao je da \u0107e brza saobra\u0107ajnica do Brze Palanke oja\u010dati turizam u tom kraju i privu\u0107i vi\u0161e investitora.<\/p>\n\n\n\n<p>&#8220;To \u0107e omogu\u0107iti ostatku Srbije da se upoznaju sa, ja bih rekao, jednim od najlep\u0161ih delova na\u0161e lepe zemlje. To su strate\u0161ki projekti, verujem da to mo\u017eemo da uradimo uz va\u0161u pomo\u0107 i podr\u0161ku&#8221;, rekao je Vu\u010di\u0107.<\/p>\n\n\n\n<p>Naveo je da je u Negotin do\u0161ao putem od Zaje\u010dara i da je taj put ranije bio jedini zahtev gra\u0111ana i dodao da su dobili dobar put.<\/p>\n\n\n\n<p>&#8220;Jedino \u0161to nisam video mnogo vozila, ali se nadam da \u0107e biti i vi\u0161e dece. Nekoliko stvari za Negotin da vam ka\u017eem. Zavr\u0161eni su projekti i za Dom zdravlja i Zdravstveni centar. To su dve stvari koje Negotin mora da uradi odmah i to je veliki novac. Tako\u0111e, da uradimo put Negotin-\u010cubra&#8221;, rekao je Vu\u010di\u0107.<\/p>\n\n\n\n<p>Predsednik je rekao da treba da se uradi i gasovod Para\u0107in-Prahovo.<\/p>\n\n\n\n<p>&#8220;Realno je da za tri godine zavr\u0161imo, te\u0161ko da mo\u017eemo ranije, ali \u0107e zna\u010diti mnogo za investitore u Prahovu, ne samo za Eliksir, ve\u0107 i za sve druge i za ceo Negotin. To \u0107e zna\u010diti mnogo novih radnih mesta i rekao bih mnogo vi\u0161e novca i za samu op\u0161tinu Negotin koja \u0107e mo\u0107i da uradi mnogo vi\u0161e za vas ovde, od lokalnih puteva do svega drugog, do vodovoda i kanalizacije&#8221;, rekao je Vu\u010di\u0107.<\/p>\n\n\n\n<p>Vu\u010di\u0107 u nedelju nastavlja posetu Zaje\u010darskom i Borskom okrugu<\/p>\n\n\n\n<p>Predsednik Srbije Aleksandar Vu\u010di\u0107 nastavi\u0107e sutra posetu Zaje\u010darskom i Borskom okrugu, u okviru koje \u0107e obi\u0107i \u017dagubicu, Krepoljin, Bor i Zlot, saop\u0161tila je Slu\u017eba za saradnju sa medijima predsednika Republike.<\/p>\n\n\n\n<p>Prema programu, predsednik Vu\u010di\u0107 \u0107e sutra\u0161nju posetu zapo\u010deti obilaskom \u017dagubice i Krepoljina, gde \u0107e od 9.30 \u010dasova razgovarati sa gra\u0111anima u Domu Kulture u Krepoljinu. U nastavku \u0107e posetiti Bor i Zlot, gde je od 11.00 \u010dasova predvi\u0111en obilazak doma\u0107instva porodice Todorovi\u0107.<\/p>\n\n\n\n<p>Nakon toga, Vu\u010di\u0107 \u0107e se u Boru u 12.00 \u010dasova obratiti gra\u0111anima u Sportskom centru \u201eBobana Mom\u010dilovi\u0107 Veli\u010dkovi\u0107\u201d.<\/p>\n","protected":false},"excerpt":{"rendered":"<p>Odgovaraju\u0107i na novinarsko pitanje o studentskom protest u Ni\u0161u, predsednik Vu\u010di\u0107 je rekao da oni koji protestuju u Srbiji sada imaju ve\u0107 zna\u010dajan pad podr\u0161ke, &hellip; <\/p>\n","protected":false},"author":2,"featured_media":42022,"comment_status":"closed","ping_status":"open","sticky":false,"template":"","format":"standard","meta":{"footnotes":""},"categories":[13,12],"tags":[2384,63],"_links":{"self":[{"href":"https:\/\/centralmedia.rs\/index.php\/wp-json\/wp\/v2\/posts\/42021"}],"collection":[{"href":"https:\/\/centralmedia.rs\/index.php\/wp-json\/wp\/v2\/posts"}],"about":[{"href":"https:\/\/centralmedia.rs\/index.php\/wp-json\/wp\/v2\/types\/post"}],"author":[{"embeddable":true,"href":"https:\/\/centralmedia.rs\/index.php\/wp-json\/wp\/v2\/users\/2"}],"replies":[{"embeddable":true,"href":"https:\/\/centralmedia.rs\/index.php\/wp-json\/wp\/v2\/comments?post=42021"}],"version-history":[{"count":1,"href":"https:\/\/centralmedia.rs\/index.php\/wp-json\/wp\/v2\/posts\/42021\/revisions"}],"predecessor-version":[{"id":42031,"href":"https:\/\/centralmedia.rs\/index.php\/wp-json\/wp\/v2\/posts\/42021\/revisions\/42031"}],"wp:featuredmedia":[{"embeddable":true,"href":"https:\/\/centralmedia.rs\/index.php\/wp-json\/wp\/v2\/media\/42022"}],"wp:attachment":[{"href":"https:\/\/centralmedia.rs\/index.php\/wp-json\/wp\/v2\/media?parent=42021"}],"wp:term":[{"taxonomy":"category","embeddable":true,"href":"https:\/\/centralmedia.rs\/index.php\/wp-json\/wp\/v2\/categories?post=42021"},{"taxonomy":"post_tag","embeddable":true,"href":"https:\/\/centralmedia.rs\/index.php\/wp-json\/wp\/v2\/tags?post=42021"}],"curies":[{"name":"wp","href":"https:\/\/api.w.org\/{rel}","templated":true}]}}