{"id":4203,"date":"2016-08-12T09:46:30","date_gmt":"2016-08-12T09:46:30","guid":{"rendered":"http:\/\/centralmedia.rs\/?p=4203"},"modified":"2017-01-10T02:15:32","modified_gmt":"2017-01-10T02:15:32","slug":"dogovor-sa-krusevljanima-cicevac-dobija-pijacu-vodu-posle-23-godine","status":"publish","type":"post","link":"https:\/\/centralmedia.rs\/index.php\/2016\/08\/12\/dogovor-sa-krusevljanima-cicevac-dobija-pijacu-vodu-posle-23-godine\/","title":{"rendered":"DOGOVOR SA KRU\u0160EVLJANIMA &#8211; \u0106I\u0106EVAC DOBIJA PIJA\u0106U VODU POSLE 23 GODINE"},"content":{"rendered":"<p>\u0106I\u0106EVAC-Gra\u0111ani \u0106i\u0107evca posle 23 godine dobi\u0107e pija\u0107u vodu iz sistema \u0106elije, izjavio je predsednik te op\u0161tine Zlatan Krki\u0107, koji je to \u00a0rekao na osnovu razgovora i dobijenih uveranja od gradskih funkcionera Kru\u0161evca i \u010delnika JP Vodovod.<\/p>\n<p>-Od pre dvadesetak dana sve je druga\u010dije. Politi\u010dka volja je sve promenila i ubrzala. Svim snagama zaposleni u kur\u0161eva\u010dkom Vodovodu prionuli su na posao. U toku je zavr\u0161eno ispiranje cevovoda i analiziranje vode. Nama je pija\u0107a voda od vitalnog zna\u010daja, nemamo je 23 godine, pijemo vodu sa javnih \u010desmi i veoma je te\u0161ko. Voda koja se distribuira u loklanom vodovodu je za tehni\u010dku upotrebu, ka\u017ee Krki\u0107.<\/p>\n<div id='gallery-1' class='gallery galleryid-4203 gallery-columns-2 gallery-size-thumbnail'><figure class='gallery-item'>\n\t\t\t<div class='gallery-icon landscape'>\n\t\t\t\t<a href='https:\/\/centralmedia.rs\/index.php\/2016\/08\/12\/dogovor-sa-krusevljanima-cicevac-dobija-pijacu-vodu-posle-23-godine\/cicevac-opstina-1-cicevac-g-j\/'><img loading=\"lazy\" decoding=\"async\" width=\"150\" height=\"150\" src=\"https:\/\/centralmedia.rs\/wp-content\/uploads\/2016\/08\/cicevac-opstina-1-cicevac-g.j.-150x150.jpg\" class=\"attachment-thumbnail size-thumbnail\" alt=\"\" \/><\/a>\n\t\t\t<\/div><\/figure><figure class='gallery-item'>\n\t\t\t<div class='gallery-icon landscape'>\n\t\t\t\t<a href='https:\/\/centralmedia.rs\/index.php\/2016\/08\/12\/dogovor-sa-krusevljanima-cicevac-dobija-pijacu-vodu-posle-23-godine\/cicevac-opstina-cicevac-g-j\/'><img loading=\"lazy\" decoding=\"async\" width=\"150\" height=\"150\" src=\"https:\/\/centralmedia.rs\/wp-content\/uploads\/2016\/08\/cicevac-opstina-cicevac-g.j.-150x150.jpg\" class=\"attachment-thumbnail size-thumbnail\" alt=\"\" \/><\/a>\n\t\t\t<\/div><\/figure>\n\t\t<\/div>\n\n<p>Izgradnja vodovoda je zapo\u010dela 1993 godine, ali je intezivirana od 2002 godine i pro\u0161le godine u aprilu je zavr\u0161eno postavljanje cevi. Vrednost projekta je 15 miliona evra, a izgradnja je finansirana podjednakim sredstvima dr\u017eavnog i lokalnog bud\u017eeta. Novi vodovod obezbe\u0111uje 45 litara vode u sekundi.<\/p>\n<p>-Kompletno smo uradili infrastrukturu i stigli do bazena, ostalo je da oni prona\u0111u tehni\u010dke i druge mogu\u0107nosti da odvrnu ventil i puste vodu u cevovod. Razni razlozi u predhodnih godinu dana odlagali su pu\u0161tanje vode, ali sada je sve druga\u010dije. Postoji dobra volja politike i kru\u0161eva\u010dkog Vodovoda da se ubrzanim tempom pusti voda. O\u010dekujem da radovi budu uskoro zavr\u0161eni, navodi Krki\u0107.<\/p>\n<p>\u0106i\u0107evci su vr\u0161ili razne vrste pritisaka na kru\u0161eva\u010dki Vodovod, \u010dak su gra\u0111ani organizovali protest 16. februara i blokirali saobra\u0107aj na regionalnom putu. Posle pu\u0161tanje vode \u0106i\u0107evcu, voda \u0107e biti distribuirana do Pojata, a u drugoj fazi i selima u okolini. Pokret za \u0106i\u0107evac ima apsolutnu ve\u0107inu u lokalnoj skup\u0161tini, ali je na vlasti u koaliciji sa Novom Srbijom, dok je SNS u opoziciji.<\/p>\n","protected":false},"excerpt":{"rendered":"<p>\u0106I\u0106EVAC-Gra\u0111ani \u0106i\u0107evca posle 23 godine dobi\u0107e pija\u0107u vodu iz sistema \u0106elije, izjavio je predsednik te op\u0161tine Zlatan Krki\u0107, koji je to \u00a0rekao na osnovu razgovora &hellip; <\/p>\n","protected":false},"author":4,"featured_media":4204,"comment_status":"open","ping_status":"open","sticky":false,"template":"","format":"standard","meta":{"footnotes":""},"categories":[1521,14,1524,2,887,12],"tags":[1123,667,526,1122],"_links":{"self":[{"href":"https:\/\/centralmedia.rs\/index.php\/wp-json\/wp\/v2\/posts\/4203"}],"collection":[{"href":"https:\/\/centralmedia.rs\/index.php\/wp-json\/wp\/v2\/posts"}],"about":[{"href":"https:\/\/centralmedia.rs\/index.php\/wp-json\/wp\/v2\/types\/post"}],"author":[{"embeddable":true,"href":"https:\/\/centralmedia.rs\/index.php\/wp-json\/wp\/v2\/users\/4"}],"replies":[{"embeddable":true,"href":"https:\/\/centralmedia.rs\/index.php\/wp-json\/wp\/v2\/comments?post=4203"}],"version-history":[{"count":0,"href":"https:\/\/centralmedia.rs\/index.php\/wp-json\/wp\/v2\/posts\/4203\/revisions"}],"wp:featuredmedia":[{"embeddable":true,"href":"https:\/\/centralmedia.rs\/index.php\/wp-json\/wp\/v2\/media\/4204"}],"wp:attachment":[{"href":"https:\/\/centralmedia.rs\/index.php\/wp-json\/wp\/v2\/media?parent=4203"}],"wp:term":[{"taxonomy":"category","embeddable":true,"href":"https:\/\/centralmedia.rs\/index.php\/wp-json\/wp\/v2\/categories?post=4203"},{"taxonomy":"post_tag","embeddable":true,"href":"https:\/\/centralmedia.rs\/index.php\/wp-json\/wp\/v2\/tags?post=4203"}],"curies":[{"name":"wp","href":"https:\/\/api.w.org\/{rel}","templated":true}]}}