{"id":42032,"date":"2025-03-02T15:15:19","date_gmt":"2025-03-02T14:15:19","guid":{"rendered":"https:\/\/centralmedia.rs\/?p=42032"},"modified":"2025-03-02T15:15:20","modified_gmt":"2025-03-02T14:15:20","slug":"hrvatima-i-ove-godine-najveci-krivac-za-sve-nedace-vucic","status":"publish","type":"post","link":"https:\/\/centralmedia.rs\/index.php\/2025\/03\/02\/hrvatima-i-ove-godine-najveci-krivac-za-sve-nedace-vucic\/","title":{"rendered":"HRVATIMA I OVE GODINE NAJVE\u0106I KRIVAC ZA SVE NEDA\u0106E VU\u010cI\u0106"},"content":{"rendered":"\n<p>Postala je tradicija da u naselju u blizini Splita u Hrvatskoj spaljuju lutku predsednika Srbije Aleksandra Vu\u010di\u0107a. U sklopu ,,velike ma\u0161karane povorke\u201d prodefilovale su lutke ili instalacije hrvatskih politi\u010dara i institucija. Tu se jedino izdvajala lutka sa likom srpskog predsednika Aleksandra Vu\u010di\u0107a, u desnoj ruci mu je bila tamburica, a u levoj objekat koji predstavlja pravoslavne svetinje iz Dalmacije, crkve ili manastire. Pro\u0161le godine me\u0161tani su spalili lutke Vu\u010di\u0107a i predsednika Ruske feredacije Vladimira Putina. Kako se navodi u novinarskim tekstovima ,,Su\u0107ura\u0161ki krnjeval kulminirao je spaljivanjem krnje na Velikom mulu. Krivac za sve neda\u0107e ove godine bio je u liku srbijanskog presjednika Aleksandra Vu\u010di\u0107a\u201d.<\/p>\n\n\n\n<figure class=\"wp-block-image size-full\"><img loading=\"lazy\" decoding=\"async\" width=\"465\" height=\"618\" src=\"https:\/\/centralmedia.rs\/wp-content\/uploads\/2025\/03\/vucic.jpg\" alt=\"\" class=\"wp-image-42034\" srcset=\"https:\/\/centralmedia.rs\/wp-content\/uploads\/2025\/03\/vucic.jpg 465w, https:\/\/centralmedia.rs\/wp-content\/uploads\/2025\/03\/vucic-226x300.jpg 226w\" sizes=\"(max-width: 465px) 100vw, 465px\" \/><\/figure>\n\n\n\n<p>Ministar spoljnih poslova Marko \u0110uri\u0107 reagovao je na jezivo spaljivanje lutke u Splitu u obliku predsednika Srbije Aleksandra Vu\u010di\u0107a.<\/p>\n\n\n\n<figure class=\"wp-block-image size-full\"><img loading=\"lazy\" decoding=\"async\" width=\"542\" height=\"717\" src=\"https:\/\/centralmedia.rs\/wp-content\/uploads\/2025\/03\/vucic2.png\" alt=\"\" class=\"wp-image-42035\" srcset=\"https:\/\/centralmedia.rs\/wp-content\/uploads\/2025\/03\/vucic2.png 542w, https:\/\/centralmedia.rs\/wp-content\/uploads\/2025\/03\/vucic2-227x300.png 227w\" sizes=\"(max-width: 542px) 100vw, 542px\" \/><\/figure>\n\n\n\n<p>&#8211; Kao ministar spoljnih poslova Srbije, najo\u0161trije osu\u0111ujem sraman i provokativan \u010din spaljivanja lutke sa likom predsednika Aleksandra Vu\u010di\u0107a tokom karnevala u Ka\u0161telima. Ovakvi postupci su izraz patolo\u0161ke mr\u017enje prema Srbiji i njenim gra\u0111anima i direktno naru\u0161avaju me\u0111unacionalne kao i odnose izme\u0111u dve zemlje. O\u010dekujemo da hrvatske vlasti hitno i nedvosmisleno osude ovaj \u010din i preduzmu konkretne korake kako bi odgovorni bili identifikovani i adekvatno ka\u017enjeni u skladu sa zakonom. Ne mo\u017ee i ne sme biti opravdanja za \u0161irenje mr\u017enje i podsticanje nasilja. Srbija ostaje posve\u0107ena miru, stabilnosti i regionalnoj saradnji, ali ne\u0107emo \u0107utati pred otvorenim aktima neprijateljstva. O\u010dekujemo da Hrvatska poka\u017ee odgovornost i jasno stavi do znanja da ovakvi incidenti nisu prihvatljivi u civilizovanom dru\u0161tvu<\/p>\n","protected":false},"excerpt":{"rendered":"<p>Postala je tradicija da u naselju u blizini Splita u Hrvatskoj spaljuju lutku predsednika Srbije Aleksandra Vu\u010di\u0107a. U sklopu ,,velike ma\u0161karane povorke\u201d prodefilovale su lutke &hellip; <\/p>\n","protected":false},"author":2,"featured_media":42033,"comment_status":"closed","ping_status":"open","sticky":false,"template":"","format":"standard","meta":{"footnotes":""},"categories":[13,12],"tags":[5086,6934,6933,6539],"_links":{"self":[{"href":"https:\/\/centralmedia.rs\/index.php\/wp-json\/wp\/v2\/posts\/42032"}],"collection":[{"href":"https:\/\/centralmedia.rs\/index.php\/wp-json\/wp\/v2\/posts"}],"about":[{"href":"https:\/\/centralmedia.rs\/index.php\/wp-json\/wp\/v2\/types\/post"}],"author":[{"embeddable":true,"href":"https:\/\/centralmedia.rs\/index.php\/wp-json\/wp\/v2\/users\/2"}],"replies":[{"embeddable":true,"href":"https:\/\/centralmedia.rs\/index.php\/wp-json\/wp\/v2\/comments?post=42032"}],"version-history":[{"count":1,"href":"https:\/\/centralmedia.rs\/index.php\/wp-json\/wp\/v2\/posts\/42032\/revisions"}],"predecessor-version":[{"id":42036,"href":"https:\/\/centralmedia.rs\/index.php\/wp-json\/wp\/v2\/posts\/42032\/revisions\/42036"}],"wp:featuredmedia":[{"embeddable":true,"href":"https:\/\/centralmedia.rs\/index.php\/wp-json\/wp\/v2\/media\/42033"}],"wp:attachment":[{"href":"https:\/\/centralmedia.rs\/index.php\/wp-json\/wp\/v2\/media?parent=42032"}],"wp:term":[{"taxonomy":"category","embeddable":true,"href":"https:\/\/centralmedia.rs\/index.php\/wp-json\/wp\/v2\/categories?post=42032"},{"taxonomy":"post_tag","embeddable":true,"href":"https:\/\/centralmedia.rs\/index.php\/wp-json\/wp\/v2\/tags?post=42032"}],"curies":[{"name":"wp","href":"https:\/\/api.w.org\/{rel}","templated":true}]}}