{"id":42038,"date":"2025-03-02T19:59:32","date_gmt":"2025-03-02T18:59:32","guid":{"rendered":"https:\/\/centralmedia.rs\/?p=42038"},"modified":"2025-03-03T19:59:43","modified_gmt":"2025-03-03T18:59:43","slug":"jedinstvena-srbija-sinhronizovan-napad-na-predsednika-srbije-iz-hrvatske-i-od-opozicije-u-srbiji-za-poziv-na-ubistvo-predsednika-srbije-najostrije-kazne-jer-to-je-napad-na-drzavu-srbiju-i-sve-njen","status":"publish","type":"post","link":"https:\/\/centralmedia.rs\/index.php\/2025\/03\/02\/jedinstvena-srbija-sinhronizovan-napad-na-predsednika-srbije-iz-hrvatske-i-od-opozicije-u-srbiji-za-poziv-na-ubistvo-predsednika-srbije-najostrije-kazne-jer-to-je-napad-na-drzavu-srbiju-i-sve-njen\/","title":{"rendered":"JEDINSTVENA SRBIJA : SINHRONIZOVAN NAPAD NA PREDSEDNIKA SRBIJE IZ HRVATSKE I OD OPOZICIJE U SRBIJI. ZA POZIV NA UBISTVO PREDSEDNIKA SRBIJE NAJO\u0160TRIJE KAZNE, JER TO JE NAPAD NA DR\u017dAVU SRBIJU I SVE NjENE GRA\u0110ANE"},"content":{"rendered":"\n<p>U svakoj dr\u017eavi na svetu napad na najvi\u0161eg funkcionera te dr\u017eave, izabranog od strane gra\u0111ana je i napad na samu tu dr\u017eavu i sve njene gra\u0111ane, a pozivi na ubistvo predsednika dr\u017eave povla\u010de za sobom veoma stroge zatvorske i nov\u010dane kazne. Tako treba da bude i u slu\u010daju poziva na ubistvo na predsednika Srbije Aleksandra Vu\u010di\u0107a. U Hrvatskoj se pali lutka sa likom predsednika Srbije, a u Srbiji jedan opozicioni lider, kome ne \u017eelimo ni ime da pominjemo, poziva na ubistvo predsednika Srbije re\u010dima da \u201conaj ko \u017eeli da u\u010dini uslugu Srbiji, treba da ubije Aleksandra Vu\u010di\u0107a\u201d. Ni\u0161ta nije slu\u010dajno i nije koincidencija, ovo je sinhronizovan napad na Srbiju iz Hrvatske i od opozicije u Srbiji, ka\u017ee su u saop\u0161tenju Predsedni\u0161tva Jedinstvene Srbije. Ni\u0161ta \u010dudno ni od Hrvata ni od tog opozicionara u Srbiji. Ali \u010dudno je da Tu\u017eila\u0161tva ne reaguju. Ajde, manje vi\u0161e u Hrvatskoj, jer oni nisu reagovali ni na jedno zversko ubistvo Srba, niti na proterivanje Srba u Hrvatskoj, niti na paljenje i otimanje srpske imovine u Hrvatskoj, ali \u0161ta je sa Tu\u017eila\u0161tvom u Srbiji. Jedinstvena Srbija poziva nadle\u017ene organe da reaguju, jer to \u0161to je izgovoreno je direktan poziv na ubistvo predsednika Srbije. A taj opozicionar koji poziva na ubistvo predsednika Srbije, kome ne \u017eelimo da pominjeno ime, neka ide kod svojih prijatelja u Ka\u0161tele kod Splita, gde je paljena lutka sa likom predsednika Srbije, jer \u0107e sigurno imati vi\u0161e poklonika u tom mestu u Hrvatskoj nego bilo gde u Srbiji. Ono \u0161to je jedino dobro u ovom slu\u010daju je \u010dinjenica da taj \u0161to je tako lo\u0161 Hrvatima i opoziciji u Srbiji, sigurno je dobar za ogromnu ve\u0107inu gra\u0111ana Srbije i za dr\u017eavu Srbiju\u201d, isti\u010de se u saop\u0161tenju Predsedni\u0161tva Jedinstvene Srbije.<\/p>\n","protected":false},"excerpt":{"rendered":"<p>U svakoj dr\u017eavi na svetu napad na najvi\u0161eg funkcionera te dr\u017eave, izabranog od strane gra\u0111ana je i napad na samu tu dr\u017eavu i sve njene &hellip; <\/p>\n","protected":false},"author":2,"featured_media":42039,"comment_status":"closed","ping_status":"open","sticky":false,"template":"","format":"standard","meta":{"footnotes":""},"categories":[1524,2,1514,13,12],"tags":[702,6935],"_links":{"self":[{"href":"https:\/\/centralmedia.rs\/index.php\/wp-json\/wp\/v2\/posts\/42038"}],"collection":[{"href":"https:\/\/centralmedia.rs\/index.php\/wp-json\/wp\/v2\/posts"}],"about":[{"href":"https:\/\/centralmedia.rs\/index.php\/wp-json\/wp\/v2\/types\/post"}],"author":[{"embeddable":true,"href":"https:\/\/centralmedia.rs\/index.php\/wp-json\/wp\/v2\/users\/2"}],"replies":[{"embeddable":true,"href":"https:\/\/centralmedia.rs\/index.php\/wp-json\/wp\/v2\/comments?post=42038"}],"version-history":[{"count":1,"href":"https:\/\/centralmedia.rs\/index.php\/wp-json\/wp\/v2\/posts\/42038\/revisions"}],"predecessor-version":[{"id":42040,"href":"https:\/\/centralmedia.rs\/index.php\/wp-json\/wp\/v2\/posts\/42038\/revisions\/42040"}],"wp:featuredmedia":[{"embeddable":true,"href":"https:\/\/centralmedia.rs\/index.php\/wp-json\/wp\/v2\/media\/42039"}],"wp:attachment":[{"href":"https:\/\/centralmedia.rs\/index.php\/wp-json\/wp\/v2\/media?parent=42038"}],"wp:term":[{"taxonomy":"category","embeddable":true,"href":"https:\/\/centralmedia.rs\/index.php\/wp-json\/wp\/v2\/categories?post=42038"},{"taxonomy":"post_tag","embeddable":true,"href":"https:\/\/centralmedia.rs\/index.php\/wp-json\/wp\/v2\/tags?post=42038"}],"curies":[{"name":"wp","href":"https:\/\/api.w.org\/{rel}","templated":true}]}}