{"id":42096,"date":"2025-03-04T23:36:58","date_gmt":"2025-03-04T22:36:58","guid":{"rendered":"https:\/\/centralmedia.rs\/?p=42096"},"modified":"2025-03-04T23:36:59","modified_gmt":"2025-03-04T22:36:59","slug":"jagodinski-prosvetari-bez-plata-za-februar","status":"publish","type":"post","link":"https:\/\/centralmedia.rs\/index.php\/2025\/03\/04\/jagodinski-prosvetari-bez-plata-za-februar\/","title":{"rendered":"JAGODINSKI PROSVETARI BEZ PLATA ZA FEBRUAR"},"content":{"rendered":"\n<p>Saop\u0161tenje Foruma jagodinskih prosvetnih radnika u \u0161trajku<\/p>\n\n\n\n<p>Forum najo\u0161trije osu\u0111uje odluku finansijskog savetnika \u0160U Kragujevac da ne verifikuje ve\u0107inu obra\u010duna zarade za februar koje su poslale jagodinske \u0161kole. Ovim putem Forum daje punu podr\u0161ku direktorima jagodinskih \u0161kola kojima nemaju zakonski osnov da postupe jer bi, u suprotnom, prekr\u0161ili zakone.<\/p>\n\n\n\n<p>Plate nisu bile prioritet pri dono\u0161enju odluke o stupanju u obustavu nastave (a ne rada), \u010dak se argumenti o visini zarade uop\u0161te i ne iznose na sastancima Foruma.<\/p>\n\n\n\n<p>Na\u0161i argumenti se odnose na pona\u0161anje nekih predstavnika Ministarstva i Vlade prema zaposlenima, na pretnje i relativizacije kojima smo izlo\u017eeni, na poigravanje mno\u0161tvom dopisa koji se ne temelje na postoje\u0107im zakonima. Zapravo, najve\u0107i broj argumenata se i odnosi na manjkavosti zakona u vezi sa obrazovanjem i vaspitanjem, na kontinuirano i dosledno odbijanje da se utvrdi reprezentativnost postoje\u0107ih sindikata, na odbijanje da se \u010duje glas najve\u0107eg broja zaposlenih, a predvode nas najiskusniji profesionalci kojima se ni u profesionalnoj ni u stru\u010dnoj sferi ne mogu na\u0107i zamerke. Borimo se za bolju budu\u0107nost na\u0161ih \u0161kola, u\u010denika, porodica i sugra\u0111ana, za vladavinu zakona i pravde i za ispunjenje zahteva na\u0161ih nekada\u0161njih u\u010denika a sada\u0161njih studenata.<\/p>\n\n\n\n<p>Smatramo da je privremeni i nezakoniti gubitak jedne zarade najbezbolnija mogu\u0107a konsekvenca na\u0161e borbe za povratak reda i smisla u obrazovne politike, razumevanje zna\u010daja prosvete i za ozdravljenje na\u0161e jedne i jedine dr\u017eave Srbije. Valjalo bi samo uspostaviti dosledan odnos prema svima koji nisu u neposrednom radu ostvarili svoje pravo na zaradu.<\/p>\n\n\n\n<p>Ima vrednosti koje su va\u017enije od novca, a to su deca, studenti koji se bore za rad institucija i kojima je to jedini zahtev, rastavljen na 4 komponente. Neka svako radi ono \u0161to mu zakoni nala\u017eu, na na\u010din na koji nala\u017eu i na dobrobit svih \u010dlanova dru\u0161tva. To je smisao pobune!<\/p>\n\n\n\n<p>Materijalni status nije, ne mo\u017ee i ne\u0107e biti va\u017eniji od pravde. Potrebno je da jednom, kona\u010dno i neopozivo uspostavimo red i poredak i da znamo da \u0107emo deci ostaviti ure\u0111en sistem u zdravom i bezbednom dru\u0161tvu.<\/p>\n\n\n\n<p>Do pravde!!!<\/p>\n","protected":false},"excerpt":{"rendered":"<p>Saop\u0161tenje Foruma jagodinskih prosvetnih radnika u \u0161trajku Forum najo\u0161trije osu\u0111uje odluku finansijskog savetnika \u0160U Kragujevac da ne verifikuje ve\u0107inu obra\u010duna zarade za februar koje su &hellip; <\/p>\n","protected":false},"author":2,"featured_media":41180,"comment_status":"closed","ping_status":"open","sticky":false,"template":"","format":"standard","meta":{"footnotes":""},"categories":[1524,1514,13,12],"tags":[58,6942,4958],"_links":{"self":[{"href":"https:\/\/centralmedia.rs\/index.php\/wp-json\/wp\/v2\/posts\/42096"}],"collection":[{"href":"https:\/\/centralmedia.rs\/index.php\/wp-json\/wp\/v2\/posts"}],"about":[{"href":"https:\/\/centralmedia.rs\/index.php\/wp-json\/wp\/v2\/types\/post"}],"author":[{"embeddable":true,"href":"https:\/\/centralmedia.rs\/index.php\/wp-json\/wp\/v2\/users\/2"}],"replies":[{"embeddable":true,"href":"https:\/\/centralmedia.rs\/index.php\/wp-json\/wp\/v2\/comments?post=42096"}],"version-history":[{"count":1,"href":"https:\/\/centralmedia.rs\/index.php\/wp-json\/wp\/v2\/posts\/42096\/revisions"}],"predecessor-version":[{"id":42097,"href":"https:\/\/centralmedia.rs\/index.php\/wp-json\/wp\/v2\/posts\/42096\/revisions\/42097"}],"wp:featuredmedia":[{"embeddable":true,"href":"https:\/\/centralmedia.rs\/index.php\/wp-json\/wp\/v2\/media\/41180"}],"wp:attachment":[{"href":"https:\/\/centralmedia.rs\/index.php\/wp-json\/wp\/v2\/media?parent=42096"}],"wp:term":[{"taxonomy":"category","embeddable":true,"href":"https:\/\/centralmedia.rs\/index.php\/wp-json\/wp\/v2\/categories?post=42096"},{"taxonomy":"post_tag","embeddable":true,"href":"https:\/\/centralmedia.rs\/index.php\/wp-json\/wp\/v2\/tags?post=42096"}],"curies":[{"name":"wp","href":"https:\/\/api.w.org\/{rel}","templated":true}]}}