{"id":42108,"date":"2025-03-06T11:45:17","date_gmt":"2025-03-06T10:45:17","guid":{"rendered":"https:\/\/centralmedia.rs\/?p=42108"},"modified":"2025-03-06T11:45:18","modified_gmt":"2025-03-06T10:45:18","slug":"predskolska-ustanova-u-despotovcu-dobija-novo-grejanje","status":"publish","type":"post","link":"https:\/\/centralmedia.rs\/index.php\/2025\/03\/06\/predskolska-ustanova-u-despotovcu-dobija-novo-grejanje\/","title":{"rendered":"PRED\u0160KOLSKA USTANOVA U DESPOTOVCU DOBIJA NOVO GREJANjE"},"content":{"rendered":"\n<p>Ambasador Japana u Srbiji Akira Imamura potpisao je ugovor o donacijama u vrednosti od vi\u0161e od 500.000 evra za projekte koji \u0107e pobolj\u0161ati komunalne i zdravstvene usluge u pet gradova i op\u0161tina \u0161irom Srbije.<\/p>\n\n\n\n<p>Ugovori su potpisani sa gradom Novi Pazar, JKP \u201e2.oktobar&#8221; Vr\u0161ac, JKP \u201eZelenilo i groblja&#8221; Smederevo, Pred\u0161kolskom ustanovom \u201eRada Miljkovi\u0107\u201d Despotovac i Domom zdravlja \u201eSava Stanojevi\u0107&#8221; iz Trstenika.<\/p>\n\n\n\n<p>Ugovor koji se odnosi na Projekat zamene sistema grejanja pred\u0161kolske ustanove u Despotovcu potpisala je direktorka Vrti\u0107a Verica Stojkovi\u0107. Ovim projektom Ambasada Japana je donirala sredstva u iznosu od 69.811 evra, koja \u0107e biti iskori\u0161\u0107ena za zamenu sistema grejanja u vrti\u0107u, \u010dime \u0107e se zna\u010dajno pobolj\u0161ati uslovi boravka dece i zaposlenih u ovoj ustanovi.<\/p>\n\n\n\n<p>Stari deo Vrti\u0107a je izgra\u0111en 1979. godine i od tada u njemu nije renoviran sistem grejanja. Radijatori su bili dotrajali i neefikasni. Pored zamene instalacija za grejnje, ovaj deo vrti\u0107a priklju\u010di\u0107e se na \u010distiji energetski izvor, na toplanu na biomasu.<\/p>\n\n\n\n<p>Sve\u010danosti potpisivanja ugovora su prisustvovali i govorili, sekretar dr\u017eavne uprave i lokalne samouprave, \u0110or\u0111e Dabi\u0107, pomo\u0107nik predsednika Op\u0161tine Despotovac, Vladan Gavrilovi\u0107, kao i zamenik predsednika Op\u0161tine Despotovac, Nemanja Radovanovi\u0107, koji je tom prilikom izrazio zahvalnost, rekao da je pomo\u0107 stigla na pravu adresu, da \u0107e se unaprediti uslovi odrastanja i vaspitanja mali\u0161ana Despotovca i naglasio da je ovo prva zna\u010dajnija pomo\u0107 koju je na\u0161a op\u0161tina dobila od neke ambasade. Potom je poru\u010dio da podr\u0161ka nije samo materijalna, ve\u0107 je i simbol prijateljsva dva naroda, kao i da o\u010dekuje da \u0107e se saradnja u budu\u0107nosti nastaviti i zna\u010dajno pro\u0161iriti. Sve\u010dano otvaranje izlo\u017ebe &#8220;\u017dene umetnice Para\u0107ina&#8221; u petak 7. marta 2024. u 19 sati.<\/p>\n","protected":false},"excerpt":{"rendered":"<p>Ambasador Japana u Srbiji Akira Imamura potpisao je ugovor o donacijama u vrednosti od vi\u0161e od 500.000 evra za projekte koji \u0107e pobolj\u0161ati komunalne i &hellip; <\/p>\n","protected":false},"author":2,"featured_media":42109,"comment_status":"closed","ping_status":"open","sticky":false,"template":"","format":"standard","meta":{"footnotes":""},"categories":[1518,14,1524,12],"tags":[234,1513,6704],"_links":{"self":[{"href":"https:\/\/centralmedia.rs\/index.php\/wp-json\/wp\/v2\/posts\/42108"}],"collection":[{"href":"https:\/\/centralmedia.rs\/index.php\/wp-json\/wp\/v2\/posts"}],"about":[{"href":"https:\/\/centralmedia.rs\/index.php\/wp-json\/wp\/v2\/types\/post"}],"author":[{"embeddable":true,"href":"https:\/\/centralmedia.rs\/index.php\/wp-json\/wp\/v2\/users\/2"}],"replies":[{"embeddable":true,"href":"https:\/\/centralmedia.rs\/index.php\/wp-json\/wp\/v2\/comments?post=42108"}],"version-history":[{"count":1,"href":"https:\/\/centralmedia.rs\/index.php\/wp-json\/wp\/v2\/posts\/42108\/revisions"}],"predecessor-version":[{"id":42110,"href":"https:\/\/centralmedia.rs\/index.php\/wp-json\/wp\/v2\/posts\/42108\/revisions\/42110"}],"wp:featuredmedia":[{"embeddable":true,"href":"https:\/\/centralmedia.rs\/index.php\/wp-json\/wp\/v2\/media\/42109"}],"wp:attachment":[{"href":"https:\/\/centralmedia.rs\/index.php\/wp-json\/wp\/v2\/media?parent=42108"}],"wp:term":[{"taxonomy":"category","embeddable":true,"href":"https:\/\/centralmedia.rs\/index.php\/wp-json\/wp\/v2\/categories?post=42108"},{"taxonomy":"post_tag","embeddable":true,"href":"https:\/\/centralmedia.rs\/index.php\/wp-json\/wp\/v2\/tags?post=42108"}],"curies":[{"name":"wp","href":"https:\/\/api.w.org\/{rel}","templated":true}]}}