{"id":4211,"date":"2016-08-13T16:24:14","date_gmt":"2016-08-13T16:24:14","guid":{"rendered":"http:\/\/centralmedia.rs\/?p=4211"},"modified":"2016-08-13T16:24:14","modified_gmt":"2016-08-13T16:24:14","slug":"posle-formiranja-vlade-vulin-prvo-u-jagodinskom-gerontoloskom-centru","status":"publish","type":"post","link":"https:\/\/centralmedia.rs\/index.php\/2016\/08\/13\/posle-formiranja-vlade-vulin-prvo-u-jagodinskom-gerontoloskom-centru\/","title":{"rendered":"POSLE FORMIRANJA VLADE-VULIN PRVO U JAGODINSKOM GERONTOLO\u0160KOM CENTRU"},"content":{"rendered":"<p>JAGODINA- Ministar za rad ,zapo\u0161ljavanje,bora\u010dka i socijalna pitanja Aleksandar Vulin i direktorka Fonda za penziono i invalidsko osiguranje Dragana Kalinovi\u0107 u nedelju u 10 sati poseti\u0107e Gerontolo\u0161ki centar\u00a0 u Jagodini, saop\u0161teno je iz te ustanove. Lekari Fonda PIO obavi\u0107e preglede korisnika te Gerontolo\u0161kog centra, \u0161to je i povod za posetu ministara i direktorke. Posetu Jagodini, posle formiranja vlade, \u00a0najavila je ministarka dr\u017eavne uprave i lokane samouprave Ana Brnabi\u0107.<\/p>\n","protected":false},"excerpt":{"rendered":"<p>JAGODINA- Ministar za rad ,zapo\u0161ljavanje,bora\u010dka i socijalna pitanja Aleksandar Vulin i direktorka Fonda za penziono i invalidsko osiguranje Dragana Kalinovi\u0107 u nedelju u 10 sati &hellip; <\/p>\n","protected":false},"author":4,"featured_media":1674,"comment_status":"open","ping_status":"open","sticky":false,"template":"","format":"standard","meta":{"footnotes":""},"categories":[13,12],"tags":[279,58,144],"_links":{"self":[{"href":"https:\/\/centralmedia.rs\/index.php\/wp-json\/wp\/v2\/posts\/4211"}],"collection":[{"href":"https:\/\/centralmedia.rs\/index.php\/wp-json\/wp\/v2\/posts"}],"about":[{"href":"https:\/\/centralmedia.rs\/index.php\/wp-json\/wp\/v2\/types\/post"}],"author":[{"embeddable":true,"href":"https:\/\/centralmedia.rs\/index.php\/wp-json\/wp\/v2\/users\/4"}],"replies":[{"embeddable":true,"href":"https:\/\/centralmedia.rs\/index.php\/wp-json\/wp\/v2\/comments?post=4211"}],"version-history":[{"count":0,"href":"https:\/\/centralmedia.rs\/index.php\/wp-json\/wp\/v2\/posts\/4211\/revisions"}],"wp:featuredmedia":[{"embeddable":true,"href":"https:\/\/centralmedia.rs\/index.php\/wp-json\/wp\/v2\/media\/1674"}],"wp:attachment":[{"href":"https:\/\/centralmedia.rs\/index.php\/wp-json\/wp\/v2\/media?parent=4211"}],"wp:term":[{"taxonomy":"category","embeddable":true,"href":"https:\/\/centralmedia.rs\/index.php\/wp-json\/wp\/v2\/categories?post=4211"},{"taxonomy":"post_tag","embeddable":true,"href":"https:\/\/centralmedia.rs\/index.php\/wp-json\/wp\/v2\/tags?post=4211"}],"curies":[{"name":"wp","href":"https:\/\/api.w.org\/{rel}","templated":true}]}}