{"id":42111,"date":"2025-03-06T11:46:39","date_gmt":"2025-03-06T10:46:39","guid":{"rendered":"https:\/\/centralmedia.rs\/?p=42111"},"modified":"2025-03-06T11:46:39","modified_gmt":"2025-03-06T10:46:39","slug":"zene-umetnice-paracina","status":"publish","type":"post","link":"https:\/\/centralmedia.rs\/index.php\/2025\/03\/06\/zene-umetnice-paracina\/","title":{"rendered":"\u017dENE UMETNICE PARA\u0106INA"},"content":{"rendered":"\n<p>U Kulturnom centru u Para\u0107inu bi\u0107e otvorena izlo\u017eba ,,\u017dene umetnice Para\u0107ina&#8221; u petak 7. marta u 19 sati.<\/p>\n\n\n\n<figure class=\"wp-block-image size-large\"><img loading=\"lazy\" decoding=\"async\" width=\"1024\" height=\"734\" src=\"http:\/\/centralmedia.rs\/wp-content\/uploads\/2025\/03\/zene-1024x734.jpg\" alt=\"\" class=\"wp-image-42112\" srcset=\"https:\/\/centralmedia.rs\/wp-content\/uploads\/2025\/03\/zene-1024x734.jpg 1024w, https:\/\/centralmedia.rs\/wp-content\/uploads\/2025\/03\/zene-300x215.jpg 300w, https:\/\/centralmedia.rs\/wp-content\/uploads\/2025\/03\/zene-768x551.jpg 768w, https:\/\/centralmedia.rs\/wp-content\/uploads\/2025\/03\/zene.jpg 1279w\" sizes=\"(max-width: 1024px) 100vw, 1024px\" \/><\/figure>\n\n\n\n<p> Izlo\u017eba \u0107e biti otvorena do 20. marta<\/p>\n","protected":false},"excerpt":{"rendered":"<p>U Kulturnom centru u Para\u0107inu bi\u0107e otvorena izlo\u017eba ,,\u017dene umetnice Para\u0107ina&#8221; u petak 7. marta u 19 sati. Izlo\u017eba \u0107e biti otvorena do 20. marta<\/p>\n","protected":false},"author":2,"featured_media":42112,"comment_status":"closed","ping_status":"open","sticky":false,"template":"","format":"standard","meta":{"footnotes":""},"categories":[1524,2,15,1516,12],"tags":[6774,156,6584],"_links":{"self":[{"href":"https:\/\/centralmedia.rs\/index.php\/wp-json\/wp\/v2\/posts\/42111"}],"collection":[{"href":"https:\/\/centralmedia.rs\/index.php\/wp-json\/wp\/v2\/posts"}],"about":[{"href":"https:\/\/centralmedia.rs\/index.php\/wp-json\/wp\/v2\/types\/post"}],"author":[{"embeddable":true,"href":"https:\/\/centralmedia.rs\/index.php\/wp-json\/wp\/v2\/users\/2"}],"replies":[{"embeddable":true,"href":"https:\/\/centralmedia.rs\/index.php\/wp-json\/wp\/v2\/comments?post=42111"}],"version-history":[{"count":1,"href":"https:\/\/centralmedia.rs\/index.php\/wp-json\/wp\/v2\/posts\/42111\/revisions"}],"predecessor-version":[{"id":42113,"href":"https:\/\/centralmedia.rs\/index.php\/wp-json\/wp\/v2\/posts\/42111\/revisions\/42113"}],"wp:featuredmedia":[{"embeddable":true,"href":"https:\/\/centralmedia.rs\/index.php\/wp-json\/wp\/v2\/media\/42112"}],"wp:attachment":[{"href":"https:\/\/centralmedia.rs\/index.php\/wp-json\/wp\/v2\/media?parent=42111"}],"wp:term":[{"taxonomy":"category","embeddable":true,"href":"https:\/\/centralmedia.rs\/index.php\/wp-json\/wp\/v2\/categories?post=42111"},{"taxonomy":"post_tag","embeddable":true,"href":"https:\/\/centralmedia.rs\/index.php\/wp-json\/wp\/v2\/tags?post=42111"}],"curies":[{"name":"wp","href":"https:\/\/api.w.org\/{rel}","templated":true}]}}