{"id":42146,"date":"2025-03-08T13:56:54","date_gmt":"2025-03-08T12:56:54","guid":{"rendered":"https:\/\/centralmedia.rs\/?p=42146"},"modified":"2025-03-08T14:08:26","modified_gmt":"2025-03-08T13:08:26","slug":"draganu-markovicu-palmi-posthumno-povelja-generalnog-konzulata-republike-srbije-u-solunu-povelje-urucene-igumanu-manastira-hilandar-metodiju-i-ministarstvu-unutrasnjih-poslova-makedonije-i-trakije-re","status":"publish","type":"post","link":"https:\/\/centralmedia.rs\/index.php\/2025\/03\/08\/draganu-markovicu-palmi-posthumno-povelja-generalnog-konzulata-republike-srbije-u-solunu-povelje-urucene-igumanu-manastira-hilandar-metodiju-i-ministarstvu-unutrasnjih-poslova-makedonije-i-trakije-re\/","title":{"rendered":"DRAGANU MARKOVI\u0106U PALMI POSTHUMNO POVELJA GENERALNOG KONZULATA REPUBLIKE SRBIJE U SOLUNU. POVELJE URU\u010cENE IGUMANU MANASTIRA HILANDAR METODIJU I MINISTARSTVU UNUTRA\u0160NJIH POSLOVA MAKEDONIJE I TRAKIJE REPUBLIKE GR\u010cKE"},"content":{"rendered":"\n<p>U Generalnom konzulatu Republike Srbije u Solunu prire\u0111ena je sve\u010danost povodom Dana dr\u017eavnosti Srbije. Tim povodom uru\u010dene su i Povelje, manastiru Hilandar za dosledno i dostojanstveno \u010duvanje blistavih tradicija na\u0161e slavne pro\u0161losti i ja\u010danje ljubavi prema otad\u017ebini, a povelju je preuzeo Iguman manatira Hilandar Metodije, zatim Ministarstvu unutra\u0161njih poslova Makedonije i Trakije Republike Gr\u010dke za dugogodi\u0161nju tradicionalnu saradnju i izuzetno unapre\u0111enje bilateralnih odnosa dveju zemalja. I posthumno po\u010dasnom konzulu Republike Gr\u010dke u Republici Srbiji Draganu Markovi\u0107u Palmi za dugogodi\u0161nju uspe\u0161nu saradnju i izuzetan doprinos u razvoju turizma i ja\u010danju srpsko \u2013 gr\u010dkog prijateljstva, a povelju je preuzeo sin Dragana Markovi\u0107a Palme potpredsednik Jedinstvene Srbije Dalibor Markovi\u0107. Generalni konzul Republike Gr\u010dke u Solunu Jelena Vuji\u0107 Obradovi\u0107 rekla je da je Dragan Markovi\u0107 Palma ostavio neizbrisiv trag u ja\u010danju turisti\u010dkih, ekonomskih i politi\u010dkih veza izme\u0111u Gr\u010dke i Srbije i naglasila da je veoma zahvalna zato \u0161to Dalibor Markovi\u0107 nastavlja taj put. Vuji\u0107 Obradovi\u0107 je tako\u0111e istakla veliki zna\u010daj u ja\u010danju odnosa dve zemlje Ivice Da\u010di\u0107a biv\u0161eg \u0161efa srpske diplomatije, a sada ministra unutra\u0161njih poslova Srbije. Ovoj manifestaciji prisustvovao je mladi socijalista, sin Ivice Da\u010di\u0107a Luka Da\u010di\u0107. Zahvalnica je uru\u010dena Zoranu Anti\u0107u dr\u017eavnom sekretaru ministarstva za rad, zapo\u0161ljavanje, bora\u010dka i socijalna pitanja u Vladi Srbije. Na ovom doga\u0111aju pu\u0161teno je video obra\u0107anje predsednika Srbije Aleksandra Vu\u010di\u0107a i ministra spoljnih poslova Srbije Marka \u0110uri\u0107a. Prijemu povodom Dan dr\u017eavnosti Srbije u Generalnom konzulatu Srbije u Solunu prisustvovali su nacelnik Pomoravskog okruga Goran Milosavljevic kao i predstavnici Vlade Gr\u010dke, narodni poslanici, privrednici, kulturni radnici i li\u010dnosti iz javnog \u017eivota Srbije i Gr\u010dke.<\/p>\n","protected":false},"excerpt":{"rendered":"<p>U Generalnom konzulatu Republike Srbije u Solunu prire\u0111ena je sve\u010danost povodom Dana dr\u017eavnosti Srbije. Tim povodom uru\u010dene su i Povelje, manastiru Hilandar za dosledno i &hellip; <\/p>\n","protected":false},"author":2,"featured_media":42148,"comment_status":"closed","ping_status":"open","sticky":false,"template":"","format":"standard","meta":{"footnotes":""},"categories":[14,1524,2,1514,12],"tags":[120,841],"_links":{"self":[{"href":"https:\/\/centralmedia.rs\/index.php\/wp-json\/wp\/v2\/posts\/42146"}],"collection":[{"href":"https:\/\/centralmedia.rs\/index.php\/wp-json\/wp\/v2\/posts"}],"about":[{"href":"https:\/\/centralmedia.rs\/index.php\/wp-json\/wp\/v2\/types\/post"}],"author":[{"embeddable":true,"href":"https:\/\/centralmedia.rs\/index.php\/wp-json\/wp\/v2\/users\/2"}],"replies":[{"embeddable":true,"href":"https:\/\/centralmedia.rs\/index.php\/wp-json\/wp\/v2\/comments?post=42146"}],"version-history":[{"count":1,"href":"https:\/\/centralmedia.rs\/index.php\/wp-json\/wp\/v2\/posts\/42146\/revisions"}],"predecessor-version":[{"id":42147,"href":"https:\/\/centralmedia.rs\/index.php\/wp-json\/wp\/v2\/posts\/42146\/revisions\/42147"}],"wp:featuredmedia":[{"embeddable":true,"href":"https:\/\/centralmedia.rs\/index.php\/wp-json\/wp\/v2\/media\/42148"}],"wp:attachment":[{"href":"https:\/\/centralmedia.rs\/index.php\/wp-json\/wp\/v2\/media?parent=42146"}],"wp:term":[{"taxonomy":"category","embeddable":true,"href":"https:\/\/centralmedia.rs\/index.php\/wp-json\/wp\/v2\/categories?post=42146"},{"taxonomy":"post_tag","embeddable":true,"href":"https:\/\/centralmedia.rs\/index.php\/wp-json\/wp\/v2\/tags?post=42146"}],"curies":[{"name":"wp","href":"https:\/\/api.w.org\/{rel}","templated":true}]}}