{"id":42150,"date":"2025-03-10T02:38:55","date_gmt":"2025-03-10T01:38:55","guid":{"rendered":"https:\/\/centralmedia.rs\/?p=42150"},"modified":"2025-03-10T02:38:55","modified_gmt":"2025-03-10T01:38:55","slug":"niski-studenti-stigli-u-svilajnac-pesace-sest-dana-od-despotovca-do-beograda","status":"publish","type":"post","link":"https:\/\/centralmedia.rs\/index.php\/2025\/03\/10\/niski-studenti-stigli-u-svilajnac-pesace-sest-dana-od-despotovca-do-beograda\/","title":{"rendered":"NI\u0160KI STUDENTI STIGLI U SVILAJNAC, PE\u0160A\u010cE \u0160EST DANA OD DESPOTOVCA DO BEOGRADA"},"content":{"rendered":"\n<p>Studenti Univerziteta u Ni\u0161u koji su u nedelju po\u010deli iz manastira Manasija pe\u0161a\u010denje do Beograda, posle 30 kilometara stigli su u 21 sat u Svilajnac, gde su preno\u0107ili u Domu poljoprivredno-veterinarske \u0161kole i u sportskoj hali. Oni \u0107e pe\u0161a\u010diti jo\u0161 pet dana do prestonice. Preko 200 studenata ni\u0161kog univerziteta do manastira Manasija stigli su autobusima, prethodno su posetili i manastir Ravanicu. Oni su pravili pauze u Despotovcu, Medvedji, Sedlaru i jo\u0161 dve lokacije., gde su ih do\u010dekivali gra\u0111ani<\/p>\n\n\n\n<figure class=\"wp-block-gallery has-nested-images columns-default is-cropped wp-block-gallery-1 is-layout-flex wp-block-gallery-is-layout-flex\">\n<figure class=\"wp-block-image size-large\"><img loading=\"lazy\" decoding=\"async\" width=\"778\" height=\"939\" data-id=\"42153\" src=\"https:\/\/centralmedia.rs\/wp-content\/uploads\/2025\/03\/sv-1.png\" alt=\"\" class=\"wp-image-42153\" srcset=\"https:\/\/centralmedia.rs\/wp-content\/uploads\/2025\/03\/sv-1.png 778w, https:\/\/centralmedia.rs\/wp-content\/uploads\/2025\/03\/sv-1-249x300.png 249w, https:\/\/centralmedia.rs\/wp-content\/uploads\/2025\/03\/sv-1-768x927.png 768w\" sizes=\"(max-width: 778px) 100vw, 778px\" \/><\/figure>\n\n\n\n<figure class=\"wp-block-image size-large\"><img loading=\"lazy\" decoding=\"async\" width=\"1024\" height=\"638\" data-id=\"42152\" src=\"https:\/\/centralmedia.rs\/wp-content\/uploads\/2025\/03\/sv-2-1024x638.png\" alt=\"\" class=\"wp-image-42152\" srcset=\"https:\/\/centralmedia.rs\/wp-content\/uploads\/2025\/03\/sv-2-1024x638.png 1024w, https:\/\/centralmedia.rs\/wp-content\/uploads\/2025\/03\/sv-2-300x187.png 300w, https:\/\/centralmedia.rs\/wp-content\/uploads\/2025\/03\/sv-2-768x478.png 768w, https:\/\/centralmedia.rs\/wp-content\/uploads\/2025\/03\/sv-2.png 1283w\" sizes=\"(max-width: 1024px) 100vw, 1024px\" \/><\/figure>\n<\/figure>\n\n\n\n<figure class=\"wp-block-gallery has-nested-images columns-default is-cropped wp-block-gallery-2 is-layout-flex wp-block-gallery-is-layout-flex\">\n<figure class=\"wp-block-image size-large\"><img loading=\"lazy\" decoding=\"async\" width=\"514\" height=\"364\" data-id=\"42154\" src=\"https:\/\/centralmedia.rs\/wp-content\/uploads\/2025\/03\/sv-4.png\" alt=\"\" class=\"wp-image-42154\" srcset=\"https:\/\/centralmedia.rs\/wp-content\/uploads\/2025\/03\/sv-4.png 514w, https:\/\/centralmedia.rs\/wp-content\/uploads\/2025\/03\/sv-4-300x212.png 300w\" sizes=\"(max-width: 514px) 100vw, 514px\" \/><\/figure>\n\n\n\n<figure class=\"wp-block-image size-large\"><img loading=\"lazy\" decoding=\"async\" width=\"1024\" height=\"735\" data-id=\"42155\" src=\"https:\/\/centralmedia.rs\/wp-content\/uploads\/2025\/03\/sv5-1024x735.jpg\" alt=\"\" class=\"wp-image-42155\" srcset=\"https:\/\/centralmedia.rs\/wp-content\/uploads\/2025\/03\/sv5-1024x735.jpg 1024w, https:\/\/centralmedia.rs\/wp-content\/uploads\/2025\/03\/sv5-300x215.jpg 300w, https:\/\/centralmedia.rs\/wp-content\/uploads\/2025\/03\/sv5-768x551.jpg 768w, https:\/\/centralmedia.rs\/wp-content\/uploads\/2025\/03\/sv5.jpg 1080w\" sizes=\"(max-width: 1024px) 100vw, 1024px\" \/><\/figure>\n<\/figure>\n\n\n\n<p>U planu je pe\u0161a\u010de do Smederevske Palanke, Po\u017earevca, Smedereva, Bavani\u0161ta i Pan\u010deva i da u Beograd stigu na najavljeni protest 15. marta. Op\u0161tina Svilajnac dala je podr\u0161ku oko obezbedjenja sme\u0161taja i hrane.<\/p>\n\n\n\n<figure class=\"wp-block-gallery has-nested-images columns-default is-cropped wp-block-gallery-3 is-layout-flex wp-block-gallery-is-layout-flex\">\n<figure class=\"wp-block-image size-large\"><img loading=\"lazy\" decoding=\"async\" width=\"1024\" height=\"531\" data-id=\"42158\" src=\"https:\/\/centralmedia.rs\/wp-content\/uploads\/2025\/03\/ja-1-1024x531.png\" alt=\"\" class=\"wp-image-42158\" srcset=\"https:\/\/centralmedia.rs\/wp-content\/uploads\/2025\/03\/ja-1-1024x531.png 1024w, https:\/\/centralmedia.rs\/wp-content\/uploads\/2025\/03\/ja-1-300x156.png 300w, https:\/\/centralmedia.rs\/wp-content\/uploads\/2025\/03\/ja-1-768x398.png 768w, https:\/\/centralmedia.rs\/wp-content\/uploads\/2025\/03\/ja-1-1536x796.png 1536w, https:\/\/centralmedia.rs\/wp-content\/uploads\/2025\/03\/ja-1.png 1763w\" sizes=\"(max-width: 1024px) 100vw, 1024px\" \/><\/figure>\n\n\n\n<figure class=\"wp-block-image size-large\"><img loading=\"lazy\" decoding=\"async\" width=\"1024\" height=\"547\" data-id=\"42159\" src=\"https:\/\/centralmedia.rs\/wp-content\/uploads\/2025\/03\/ja-2-1024x547.png\" alt=\"\" class=\"wp-image-42159\" srcset=\"https:\/\/centralmedia.rs\/wp-content\/uploads\/2025\/03\/ja-2-1024x547.png 1024w, https:\/\/centralmedia.rs\/wp-content\/uploads\/2025\/03\/ja-2-300x160.png 300w, https:\/\/centralmedia.rs\/wp-content\/uploads\/2025\/03\/ja-2-768x410.png 768w, https:\/\/centralmedia.rs\/wp-content\/uploads\/2025\/03\/ja-2-1536x820.png 1536w, https:\/\/centralmedia.rs\/wp-content\/uploads\/2025\/03\/ja-2.png 1920w\" sizes=\"(max-width: 1024px) 100vw, 1024px\" \/><\/figure>\n\n\n\n<figure class=\"wp-block-image size-large\"><img loading=\"lazy\" decoding=\"async\" width=\"414\" height=\"294\" data-id=\"42156\" src=\"https:\/\/centralmedia.rs\/wp-content\/uploads\/2025\/03\/pn-1.png\" alt=\"\" class=\"wp-image-42156\" srcset=\"https:\/\/centralmedia.rs\/wp-content\/uploads\/2025\/03\/pn-1.png 414w, https:\/\/centralmedia.rs\/wp-content\/uploads\/2025\/03\/pn-1-300x213.png 300w\" sizes=\"(max-width: 414px) 100vw, 414px\" \/><\/figure>\n\n\n\n<figure class=\"wp-block-image size-large\"><img loading=\"lazy\" decoding=\"async\" width=\"517\" height=\"355\" data-id=\"42157\" src=\"https:\/\/centralmedia.rs\/wp-content\/uploads\/2025\/03\/pn-2.png\" alt=\"\" class=\"wp-image-42157\" srcset=\"https:\/\/centralmedia.rs\/wp-content\/uploads\/2025\/03\/pn-2.png 517w, https:\/\/centralmedia.rs\/wp-content\/uploads\/2025\/03\/pn-2-300x206.png 300w\" sizes=\"(max-width: 517px) 100vw, 517px\" \/><\/figure>\n<\/figure>\n\n\n\n<p>Protesti su odr\u017eani u Jagodini i Para\u0107inu<\/p>\n\n\n\n<p>Gra\u0111ani Jagodine u nedelju su odali po\u0161tu stradalima na \u017eelezni\u010dkoj stanici u Novom Sadu petnaestominutnom ti\u0161inom na Skveru omladine. Upaljeno je 15 baklji za \u017ertve, protestna \u0161etnja prvi put pro\u0161la je pored zgrade Skup\u0161tine grada bez zadr\u017eavanja. U Para\u0107inu je kolona tako\u0111e obi\u0161la zgradu Skup\u0161tine op\u0161tine i zavr\u0161ila u parku kraj Crnice.<\/p>\n\n\n\n<p>Foto TV Centar, Emil Milojevi\u0107<\/p>\n","protected":false},"excerpt":{"rendered":"<p>Studenti Univerziteta u Ni\u0161u koji su u nedelju po\u010deli iz manastira Manasija pe\u0161a\u010denje do Beograda, posle 30 kilometara stigli su u 21 sat u Svilajnac, &hellip; <\/p>\n","protected":false},"author":2,"featured_media":42151,"comment_status":"closed","ping_status":"open","sticky":false,"template":"","format":"standard","meta":{"footnotes":""},"categories":[1515,1518,1524,1514,1516,1517],"tags":[359,6950],"_links":{"self":[{"href":"https:\/\/centralmedia.rs\/index.php\/wp-json\/wp\/v2\/posts\/42150"}],"collection":[{"href":"https:\/\/centralmedia.rs\/index.php\/wp-json\/wp\/v2\/posts"}],"about":[{"href":"https:\/\/centralmedia.rs\/index.php\/wp-json\/wp\/v2\/types\/post"}],"author":[{"embeddable":true,"href":"https:\/\/centralmedia.rs\/index.php\/wp-json\/wp\/v2\/users\/2"}],"replies":[{"embeddable":true,"href":"https:\/\/centralmedia.rs\/index.php\/wp-json\/wp\/v2\/comments?post=42150"}],"version-history":[{"count":1,"href":"https:\/\/centralmedia.rs\/index.php\/wp-json\/wp\/v2\/posts\/42150\/revisions"}],"predecessor-version":[{"id":42160,"href":"https:\/\/centralmedia.rs\/index.php\/wp-json\/wp\/v2\/posts\/42150\/revisions\/42160"}],"wp:featuredmedia":[{"embeddable":true,"href":"https:\/\/centralmedia.rs\/index.php\/wp-json\/wp\/v2\/media\/42151"}],"wp:attachment":[{"href":"https:\/\/centralmedia.rs\/index.php\/wp-json\/wp\/v2\/media?parent=42150"}],"wp:term":[{"taxonomy":"category","embeddable":true,"href":"https:\/\/centralmedia.rs\/index.php\/wp-json\/wp\/v2\/categories?post=42150"},{"taxonomy":"post_tag","embeddable":true,"href":"https:\/\/centralmedia.rs\/index.php\/wp-json\/wp\/v2\/tags?post=42150"}],"curies":[{"name":"wp","href":"https:\/\/api.w.org\/{rel}","templated":true}]}}