{"id":42161,"date":"2025-03-09T17:41:33","date_gmt":"2025-03-09T16:41:33","guid":{"rendered":"https:\/\/centralmedia.rs\/?p=42161"},"modified":"2025-03-10T02:43:06","modified_gmt":"2025-03-10T01:43:06","slug":"vucic-svi-koji-budu-ucestvovali-u-nasilju-narednih-dana-zavrsice-iza-resetaka-u-subotu-uvece-odsviracemo-kraj","status":"publish","type":"post","link":"https:\/\/centralmedia.rs\/index.php\/2025\/03\/09\/vucic-svi-koji-budu-ucestvovali-u-nasilju-narednih-dana-zavrsice-iza-resetaka-u-subotu-uvece-odsviracemo-kraj\/","title":{"rendered":"Vu\u010di\u0107: Svi koji budu u\u010destvovali u nasilju narednih dana zavr\u0161i\u0107e iza re\u0161etaka. U subotu uve\u010de odsvira\u0107emo kraj"},"content":{"rendered":"\n<p>Predsednik Srbije Aleksandar Vu\u010di\u0107 izjavio je danas da o\u010dekuje da \u0107e opozicija nastaviti sa nasiljem na ulici narednih dana i da \u0107e &#8220;ko zna kakav&#8221; haos napraviti, te poru\u010dio da \u0107e svi koji budu u\u010destvovali u nasilju zavr\u0161iti iza re\u0161etaka.<\/p>\n\n\n\n<figure class=\"wp-block-gallery has-nested-images columns-default is-cropped wp-block-gallery-1 is-layout-flex wp-block-gallery-is-layout-flex\">\n<figure class=\"wp-block-image size-large\"><img loading=\"lazy\" decoding=\"async\" width=\"1024\" height=\"683\" data-id=\"42163\" src=\"https:\/\/centralmedia.rs\/wp-content\/uploads\/2025\/03\/av1-1024x683.jpg\" alt=\"\" class=\"wp-image-42163\" srcset=\"https:\/\/centralmedia.rs\/wp-content\/uploads\/2025\/03\/av1-1024x683.jpg 1024w, https:\/\/centralmedia.rs\/wp-content\/uploads\/2025\/03\/av1-300x200.jpg 300w, https:\/\/centralmedia.rs\/wp-content\/uploads\/2025\/03\/av1-768x512.jpg 768w, https:\/\/centralmedia.rs\/wp-content\/uploads\/2025\/03\/av1-600x400.jpg 600w, https:\/\/centralmedia.rs\/wp-content\/uploads\/2025\/03\/av1.jpg 1440w\" sizes=\"(max-width: 1024px) 100vw, 1024px\" \/><\/figure>\n\n\n\n<figure class=\"wp-block-image size-large\"><img loading=\"lazy\" decoding=\"async\" width=\"1024\" height=\"683\" data-id=\"42164\" src=\"https:\/\/centralmedia.rs\/wp-content\/uploads\/2025\/03\/av2-1024x683.jpg\" alt=\"\" class=\"wp-image-42164\" srcset=\"https:\/\/centralmedia.rs\/wp-content\/uploads\/2025\/03\/av2-1024x683.jpg 1024w, https:\/\/centralmedia.rs\/wp-content\/uploads\/2025\/03\/av2-300x200.jpg 300w, https:\/\/centralmedia.rs\/wp-content\/uploads\/2025\/03\/av2-768x512.jpg 768w, https:\/\/centralmedia.rs\/wp-content\/uploads\/2025\/03\/av2-600x400.jpg 600w, https:\/\/centralmedia.rs\/wp-content\/uploads\/2025\/03\/av2.jpg 1440w\" sizes=\"(max-width: 1024px) 100vw, 1024px\" \/><\/figure>\n<\/figure>\n\n\n\n<p>\u201eTako da ja o\u010dekujem da oni narednih dana nastave sa nasiljem. Oni ne mogu ljude da obuzdaju jer su podizali o\u010dekivanja, lagali su ljude da nasiljem mogu da uzmu vlast i da je sad va\u017eno da li \u0107e da bude 50.000 ili 80.000 ljudi ili ne znam \u0161ta, pa \u0107e da uzmu vlast. Ne, za vlast vam je potrebno da dobijete dva miliona glasova na izborima\u201c, rekao je Vu\u010di\u0107 u Beloj Crkvi u razgovoru sa gra\u0111anima.<\/p>\n\n\n\n<p>Poru\u010dio je da se vlast osvaja na izborima, a ne na ulici.<\/p>\n\n\n\n<p>\u201eI po\u0161to je to tako, oni su ih lagali i obmanjivali. Moraju, oni ne mogu vi\u0161e da pobegnu od nasilja. Ko zna koliko \u0107e ljudi da povrede, ko zna \u0161ta \u0107e sve da naprave i kakav haos. I na kraju \u0107e da zavr\u0161e iza re\u0161etaka, ti koji su u\u010destvovali u nasilju\u201c, naglasio je Vu\u010di\u0107.<\/p>\n\n\n\n<p>On je poru\u010dio da \u0107e dr\u017eava pobediti i da nikada ne\u0107e oti\u0107i iz Srbije, jer ga pla\u0161e ukrajinskim scenarijem i tvrde da \u0107e pro\u0107i kao Viktor Janukovi\u010d.<\/p>\n\n\n\n<p>Vu\u010di\u0107 je dan ranije u Smederu upozorio da kako stvari stoje slede\u0107e subote, za kada je najavljen veliki protest u Beogradu, opozicija \u0107e poku\u0161ati ne\u0161to da uradi nasiljem i poru\u010dio da \u0107e im tad, kako je rekao, biti odsviran kraj.<\/p>\n\n\n\n<p>&#8220;Oni znaju da vi\u0161e vremena nemaju, zato \u0107e morati sve da bace na jednu kartu. Na\u017ealost, poku\u0161a\u0107e nasiljem ne\u0161to da urade i shvati\u0107e tada da im je kraj. Zavr\u0161i\u0107e mnogi iza re\u0161etaka koji budu po\u010dinili krivi\u010dna dela, ovi drugi \u0107e da shvate da su ih lagali ovi politi\u010dari koji su im obe\u0107avali da je nasiljem ne\u0161to mogu\u0107e da se u\u010dini, i to je to. Tako da \u0107emo, kako stvari stoje u subotu ve\u010de, da odsviramo kraj&#8221;, rekao je Vu\u010di\u0107<\/p>\n","protected":false},"excerpt":{"rendered":"<p>Predsednik Srbije Aleksandar Vu\u010di\u0107 izjavio je danas da o\u010dekuje da \u0107e opozicija nastaviti sa nasiljem na ulici narednih dana i da \u0107e &#8220;ko zna kakav&#8221; &hellip; <\/p>\n","protected":false},"author":2,"featured_media":42162,"comment_status":"closed","ping_status":"open","sticky":false,"template":"","format":"standard","meta":{"footnotes":""},"categories":[2,13,12],"tags":[1827],"_links":{"self":[{"href":"https:\/\/centralmedia.rs\/index.php\/wp-json\/wp\/v2\/posts\/42161"}],"collection":[{"href":"https:\/\/centralmedia.rs\/index.php\/wp-json\/wp\/v2\/posts"}],"about":[{"href":"https:\/\/centralmedia.rs\/index.php\/wp-json\/wp\/v2\/types\/post"}],"author":[{"embeddable":true,"href":"https:\/\/centralmedia.rs\/index.php\/wp-json\/wp\/v2\/users\/2"}],"replies":[{"embeddable":true,"href":"https:\/\/centralmedia.rs\/index.php\/wp-json\/wp\/v2\/comments?post=42161"}],"version-history":[{"count":1,"href":"https:\/\/centralmedia.rs\/index.php\/wp-json\/wp\/v2\/posts\/42161\/revisions"}],"predecessor-version":[{"id":42165,"href":"https:\/\/centralmedia.rs\/index.php\/wp-json\/wp\/v2\/posts\/42161\/revisions\/42165"}],"wp:featuredmedia":[{"embeddable":true,"href":"https:\/\/centralmedia.rs\/index.php\/wp-json\/wp\/v2\/media\/42162"}],"wp:attachment":[{"href":"https:\/\/centralmedia.rs\/index.php\/wp-json\/wp\/v2\/media?parent=42161"}],"wp:term":[{"taxonomy":"category","embeddable":true,"href":"https:\/\/centralmedia.rs\/index.php\/wp-json\/wp\/v2\/categories?post=42161"},{"taxonomy":"post_tag","embeddable":true,"href":"https:\/\/centralmedia.rs\/index.php\/wp-json\/wp\/v2\/tags?post=42161"}],"curies":[{"name":"wp","href":"https:\/\/api.w.org\/{rel}","templated":true}]}}