{"id":42166,"date":"2025-03-08T02:48:03","date_gmt":"2025-03-08T01:48:03","guid":{"rendered":"https:\/\/centralmedia.rs\/?p=42166"},"modified":"2025-03-10T02:54:47","modified_gmt":"2025-03-10T01:54:47","slug":"cetiri-reprezentativca-iz-cajetine","status":"publish","type":"post","link":"https:\/\/centralmedia.rs\/index.php\/2025\/03\/08\/cetiri-reprezentativca-iz-cajetine\/","title":{"rendered":"\u010cETIRI REPREZENTATIVCA IZ \u010cAJETINE"},"content":{"rendered":"\n<p>Pro\u0161le nedelje u Trondhaimu u Norve\u0161koj odr\u017eano je najve\u0107e Svetsko Prvenstvo u nordijskom skijanju u istoriji.<\/p>\n\n\n\n<p>\u010cajetina imala je \u010detiri predstavnika u reprezentaciji Srbije &#8211; Anja Ili\u0107, Andrija To\u0161i\u0107, \u0110or\u0111e Paunovi\u0107, Vanja Tucovi\u0107 i svi su \u010dlanovi SK Zvezde sa Zlatibora.<\/p>\n\n\n\n<p>Najbolji rezultat ostvarile su Anja i Vanja u disciplini tim sprint gde su zauzele 27. mesto.<\/p>\n","protected":false},"excerpt":{"rendered":"<p>Pro\u0161le nedelje u Trondhaimu u Norve\u0161koj odr\u017eano je najve\u0107e Svetsko Prvenstvo u nordijskom skijanju u istoriji. \u010cajetina imala je \u010detiri predstavnika u reprezentaciji Srbije &#8211; &hellip; <\/p>\n","protected":false},"author":2,"featured_media":42167,"comment_status":"closed","ping_status":"open","sticky":false,"template":"","format":"standard","meta":{"footnotes":""},"categories":[2875,1524,2,21,12],"tags":[6530,6951,1301],"_links":{"self":[{"href":"https:\/\/centralmedia.rs\/index.php\/wp-json\/wp\/v2\/posts\/42166"}],"collection":[{"href":"https:\/\/centralmedia.rs\/index.php\/wp-json\/wp\/v2\/posts"}],"about":[{"href":"https:\/\/centralmedia.rs\/index.php\/wp-json\/wp\/v2\/types\/post"}],"author":[{"embeddable":true,"href":"https:\/\/centralmedia.rs\/index.php\/wp-json\/wp\/v2\/users\/2"}],"replies":[{"embeddable":true,"href":"https:\/\/centralmedia.rs\/index.php\/wp-json\/wp\/v2\/comments?post=42166"}],"version-history":[{"count":1,"href":"https:\/\/centralmedia.rs\/index.php\/wp-json\/wp\/v2\/posts\/42166\/revisions"}],"predecessor-version":[{"id":42168,"href":"https:\/\/centralmedia.rs\/index.php\/wp-json\/wp\/v2\/posts\/42166\/revisions\/42168"}],"wp:featuredmedia":[{"embeddable":true,"href":"https:\/\/centralmedia.rs\/index.php\/wp-json\/wp\/v2\/media\/42167"}],"wp:attachment":[{"href":"https:\/\/centralmedia.rs\/index.php\/wp-json\/wp\/v2\/media?parent=42166"}],"wp:term":[{"taxonomy":"category","embeddable":true,"href":"https:\/\/centralmedia.rs\/index.php\/wp-json\/wp\/v2\/categories?post=42166"},{"taxonomy":"post_tag","embeddable":true,"href":"https:\/\/centralmedia.rs\/index.php\/wp-json\/wp\/v2\/tags?post=42166"}],"curies":[{"name":"wp","href":"https:\/\/api.w.org\/{rel}","templated":true}]}}