{"id":42199,"date":"2025-03-16T05:18:31","date_gmt":"2025-03-16T04:18:31","guid":{"rendered":"https:\/\/centralmedia.rs\/?p=42199"},"modified":"2025-03-16T05:18:32","modified_gmt":"2025-03-16T04:18:32","slug":"vucic-iznenadujuce-mnogo-ljudi-iz-unutrasnjosti-na-protestu-vlast-mora-da-izvuce-pouke","status":"publish","type":"post","link":"https:\/\/centralmedia.rs\/index.php\/2025\/03\/16\/vucic-iznenadujuce-mnogo-ljudi-iz-unutrasnjosti-na-protestu-vlast-mora-da-izvuce-pouke\/","title":{"rendered":"Vu\u010di\u0107: Iznena\u0111uju\u0107e mnogo ljudi iz unutra\u0161njosti na protestu, vlast mora da izvu\u010de pouke"},"content":{"rendered":"\n<p>Predsednik Aleksandar Vu\u010di\u0107 rekao je na konferenciji za novinare da je zadovoljan \u0161to je odr\u017ean jedan veliki protest, uz ogromnu negativnu energiju prema vlastima, a da nije bilo stradalih, a ni te\u0161ko povre\u0111enih. Ukupno 56 je bilo povre\u0111enih, ali nemaju te\u017ee povrede, istakao je Vu\u010di\u0107. Razumeli smo poruku, moramo da se menjamo, poru\u010dio je predsednik.<\/p>\n\n\n\n<p>&#8220;Razumeli smo poruku i mora\u0107emo sebe da menjamo&#8221;<\/p>\n\n\n\n<p>Vu\u010di\u0107 je rekao da sve ovo traje \u010detiri i po meseca posle velike tragedije koja se dogodila. Da nismo otkrili oru\u017eje kod Abardareve i da nismo otkrili novosadsku grupu ko zna \u0161ta bi se sve dogodilo, rekao je Vu\u010di\u0107.<\/p>\n\n\n\n<p>&#8220;Mi smo dobro razumeli poruku i mora\u0107emo sebe da menjamo, mada se nadam da su neki drugi razumeli da gra\u0111ani ne \u017eele obojene revolucije. Od zna\u010daja je da nam deca idu u \u0161koli i da se studenti vrate na fakultete&#8221;, naveo je predsednik.<\/p>\n\n\n\n<p>Pozvao je studente da bez pritiska dobro analiziraju i prva tri zahteva pa \u0107e videti da su ispunjeni.<\/p>\n\n\n\n<p>&#8220;Pobedila je Srbija, uspeli smo da sa\u010duvamo mir i da se izborimo sa mnogo toga \u0161to se iza svega krilo&#8221;, naveo je Vu\u010di\u0107.<\/p>\n\n\n\n<p>Zahvalio se i milionima ljudi koji su sa zabrinuto\u0161\u0107u ovo pratili i pokazali trpeljivost i pokazali da znaju da \u010duju drugu stranu.<\/p>\n\n\n\n<p>&#8220;Za mene je va\u017eno da smo uspeli da odbranimo Srbiju&#8221;, istakao je Vu\u010di\u0107.<\/p>\n\n\n\n<p>&#8220;Sramotne optu\u017ebe da je kori\u0161\u0107en zvu\u010dni top&#8221;<\/p>\n\n\n\n<p>Ocenio je da su sramotne optu\u017ebe da je kori\u0161\u0107en zvu\u010dni top.<\/p>\n\n\n\n<p>&#8220;Mi nismo pendrek upotrebili danas. Trpeli su policajci i istrpeli sve&#8221;, rekao je Vu\u010di\u0107.<\/p>\n\n\n\n<p>&#8220;Uba\u010deno je u Pionirski park vi\u0161e od 60 \u0161to topovskih udara, baklji, kamenica broj im se ne zna. Ako \u0107e neko da ka\u017ee da nije bilo nasilja, bilo je mnogo nasilja. Jo\u0161 od ju\u010de, o\u0161te\u0107eno je i uni\u0161teno vi\u0161e od stotinu traktora srpskih doma\u0107ina. To nisu skupoceni traktori, ali njima \u017eivot zna\u010de&#8221;, rekao je Vu\u010di\u0107.<\/p>\n\n\n\n<p>Kako je dodao, da nije bilo tih traktora, te\u0161ko da bi se spre\u010dilo krvoproli\u0107e. Vu\u010di\u0107 je pojasnio da ti traktori nisu bili upereni niti usmereni protiv bilo koga, ve\u0107 su bili tu da zaustave talas.&nbsp;<\/p>\n\n\n\n<p>&#8220;Kada imate masu ljudi, hiljadu, dve, pet ili deset, koja kre\u0107e ka odre\u0111enoj ta\u010dki, onda je potrebno da imate ne\u0161to \u0161to mo\u017ee tu masu i taj talas da zaustavi da bi se spre\u010dio sukob sa decom u Pionirskom parku. I ti doma\u0107ini, koji su hteli da za\u0161tite \u017eivote tih mladih ljudi, svi su izgubili svoje traktore zato \u0161to su neke siled\u017eije&nbsp; pomislile da imaju pravo da uni\u0161tavaju njihovu imovinu i njihov kapital&#8221;, rekao je predsednik.<\/p>\n\n\n\n<p>&#8220;U bolnice preba\u010deno 56 lica&#8221;<\/p>\n\n\n\n<p>Vu\u010di\u0107 je rekao da je u bolnice preba\u010deno 56 lica, od kojih je 44 preba\u010deno u Urgentni centar, 11 u KBC Zvezdara, a jedno u KBC Zemun.<\/p>\n\n\n\n<p>Dodao je da ni \u017eivot ni vitalne funkcije lica povre\u0111enog na Trgu Nikole Pa\u0161i\u0107a nisu ugro\u017eeni.<\/p>\n\n\n\n<p>&#8220;Odr\u017ean veliki protest uz ogromnu negativnu energiju&#8221;<\/p>\n\n\n\n<p>Predsednik Srbije Aleksandar Vu\u010di\u0107 je rekao da \u017eeli da u ime svih gra\u0111ana Srbije i kao predsednik Republike da izrazi zadovoljstvo \u0161to je odr\u017ean jedan veliki protest uz ogromnu negativnu energiju i gnev i bes i da nije bilo ni stradalih ni te\u0161ko povre\u0111enih.<\/p>\n\n\n\n<p>Izvor RTS, Tanjug<\/p>\n","protected":false},"excerpt":{"rendered":"<p>Predsednik Aleksandar Vu\u010di\u0107 rekao je na konferenciji za novinare da je zadovoljan \u0161to je odr\u017ean jedan veliki protest, uz ogromnu negativnu energiju prema vlastima, a &hellip; <\/p>\n","protected":false},"author":2,"featured_media":42200,"comment_status":"closed","ping_status":"open","sticky":false,"template":"","format":"standard","meta":{"footnotes":""},"categories":[2,13,12],"tags":[359,6539],"_links":{"self":[{"href":"https:\/\/centralmedia.rs\/index.php\/wp-json\/wp\/v2\/posts\/42199"}],"collection":[{"href":"https:\/\/centralmedia.rs\/index.php\/wp-json\/wp\/v2\/posts"}],"about":[{"href":"https:\/\/centralmedia.rs\/index.php\/wp-json\/wp\/v2\/types\/post"}],"author":[{"embeddable":true,"href":"https:\/\/centralmedia.rs\/index.php\/wp-json\/wp\/v2\/users\/2"}],"replies":[{"embeddable":true,"href":"https:\/\/centralmedia.rs\/index.php\/wp-json\/wp\/v2\/comments?post=42199"}],"version-history":[{"count":1,"href":"https:\/\/centralmedia.rs\/index.php\/wp-json\/wp\/v2\/posts\/42199\/revisions"}],"predecessor-version":[{"id":42201,"href":"https:\/\/centralmedia.rs\/index.php\/wp-json\/wp\/v2\/posts\/42199\/revisions\/42201"}],"wp:featuredmedia":[{"embeddable":true,"href":"https:\/\/centralmedia.rs\/index.php\/wp-json\/wp\/v2\/media\/42200"}],"wp:attachment":[{"href":"https:\/\/centralmedia.rs\/index.php\/wp-json\/wp\/v2\/media?parent=42199"}],"wp:term":[{"taxonomy":"category","embeddable":true,"href":"https:\/\/centralmedia.rs\/index.php\/wp-json\/wp\/v2\/categories?post=42199"},{"taxonomy":"post_tag","embeddable":true,"href":"https:\/\/centralmedia.rs\/index.php\/wp-json\/wp\/v2\/tags?post=42199"}],"curies":[{"name":"wp","href":"https:\/\/api.w.org\/{rel}","templated":true}]}}