{"id":422,"date":"2015-10-13T22:44:20","date_gmt":"2015-10-13T22:44:20","guid":{"rendered":"http:\/\/centralmedia.rs\/?p=422"},"modified":"2015-10-13T22:44:20","modified_gmt":"2015-10-13T22:44:20","slug":"izlozba-mice-popovica","status":"publish","type":"post","link":"https:\/\/centralmedia.rs\/index.php\/2015\/10\/13\/izlozba-mice-popovica\/","title":{"rendered":"IZLO\u017dBA MI\u0106E POPOVI\u0106A"},"content":{"rendered":"<p>Povodom osam vekova od prvog pominjanja Ravnog, dana\u0161nja \u0106uprija, u istorijskim dokumentima u galeriji muzeja &#8220;Horeum Margi-Ravno&#8221;   u petak uve\u010de otvorena je izlo\u017eba \u0161esnaest slika i crte\u017ea Miodraga Mi\u0107e Popovi\u0107a iz umetnikove faze  &#8220;Slikarstvo prizora&#8221; nastalih u protekle dve decenije. Re\u010d je o jednom od najve\u0107ih Srpskih slikara i intelektualaca.  Direktor muzeja Novak Novakovi\u0107 izjavio je ,,ovo je najzna\u010dajniji kulturni doga\u0111aj u proteklih 30 godina u \u0106upriji. Slike su selekcija radova iz privatne kolekcije Jovana Popovi\u0107a, ina\u010de umetnikovog sina. Inicijator ideje da se izlo\u017eba na\u0111e pred \u0106upri\u010danima je knji\u017eevnik i akademik Dragoslav Mihailovi\u0107, koji je i prisustvovao otvaranju. Izl\u017eba \u0107e biti otvorena do 23 oktobra.<\/p>\n","protected":false},"excerpt":{"rendered":"<p>Povodom osam vekova od prvog pominjanja Ravnog, dana\u0161nja \u0106uprija, u istorijskim dokumentima u galeriji muzeja &#8220;Horeum Margi-Ravno&#8221; u petak uve\u010de otvorena je izlo\u017eba \u0161esnaest slika &hellip; <\/p>\n","protected":false},"author":4,"featured_media":423,"comment_status":"open","ping_status":"open","sticky":false,"template":"","format":"standard","meta":{"footnotes":""},"categories":[15],"tags":[44,50],"_links":{"self":[{"href":"https:\/\/centralmedia.rs\/index.php\/wp-json\/wp\/v2\/posts\/422"}],"collection":[{"href":"https:\/\/centralmedia.rs\/index.php\/wp-json\/wp\/v2\/posts"}],"about":[{"href":"https:\/\/centralmedia.rs\/index.php\/wp-json\/wp\/v2\/types\/post"}],"author":[{"embeddable":true,"href":"https:\/\/centralmedia.rs\/index.php\/wp-json\/wp\/v2\/users\/4"}],"replies":[{"embeddable":true,"href":"https:\/\/centralmedia.rs\/index.php\/wp-json\/wp\/v2\/comments?post=422"}],"version-history":[{"count":0,"href":"https:\/\/centralmedia.rs\/index.php\/wp-json\/wp\/v2\/posts\/422\/revisions"}],"wp:featuredmedia":[{"embeddable":true,"href":"https:\/\/centralmedia.rs\/index.php\/wp-json\/wp\/v2\/media\/423"}],"wp:attachment":[{"href":"https:\/\/centralmedia.rs\/index.php\/wp-json\/wp\/v2\/media?parent=422"}],"wp:term":[{"taxonomy":"category","embeddable":true,"href":"https:\/\/centralmedia.rs\/index.php\/wp-json\/wp\/v2\/categories?post=422"},{"taxonomy":"post_tag","embeddable":true,"href":"https:\/\/centralmedia.rs\/index.php\/wp-json\/wp\/v2\/tags?post=422"}],"curies":[{"name":"wp","href":"https:\/\/api.w.org\/{rel}","templated":true}]}}