{"id":42202,"date":"2025-03-17T16:20:08","date_gmt":"2025-03-17T15:20:08","guid":{"rendered":"https:\/\/centralmedia.rs\/?p=42202"},"modified":"2025-03-17T16:20:08","modified_gmt":"2025-03-17T15:20:08","slug":"skupstina-grada-jagodina-4","status":"publish","type":"post","link":"https:\/\/centralmedia.rs\/index.php\/2025\/03\/17\/skupstina-grada-jagodina-4\/","title":{"rendered":"SKUP\u0160TINA GRADA JAGODINA"},"content":{"rendered":"\n<p>DRAGAN MARKOVI\u0106 PALMA DOBIO ULICU U JAGODINI<\/p>\n\n\n\n<p>Ulica u turisti\u010dkom centru nosi\u0107e ime nedavno preminulog predsednika Skup\u0161tine grada Jagodina Dragana Markovi\u0107a Palme, odlu\u010dili su odbornici SG Jagodina. Re\u010d je o ulici Tome \u017divanovi\u0107a i delu ulice Stevana Ivanovi\u0107a \u0161to se u materijalu utvr\u0111uje kao naziv ulice Dragana Markvi\u0107a Palme.<\/p>\n\n\n\n<figure class=\"wp-block-gallery has-nested-images columns-default is-cropped wp-block-gallery-1 is-layout-flex wp-block-gallery-is-layout-flex\">\n<figure class=\"wp-block-image size-large\"><img loading=\"lazy\" decoding=\"async\" width=\"1024\" height=\"545\" data-id=\"42203\" src=\"https:\/\/centralmedia.rs\/wp-content\/uploads\/2025\/03\/skupstina-1024x545.jpg\" alt=\"\" class=\"wp-image-42203\" srcset=\"https:\/\/centralmedia.rs\/wp-content\/uploads\/2025\/03\/skupstina-1024x545.jpg 1024w, https:\/\/centralmedia.rs\/wp-content\/uploads\/2025\/03\/skupstina-300x160.jpg 300w, https:\/\/centralmedia.rs\/wp-content\/uploads\/2025\/03\/skupstina-768x409.jpg 768w, https:\/\/centralmedia.rs\/wp-content\/uploads\/2025\/03\/skupstina-1536x818.jpg 1536w, https:\/\/centralmedia.rs\/wp-content\/uploads\/2025\/03\/skupstina.jpg 1644w\" sizes=\"(max-width: 1024px) 100vw, 1024px\" \/><\/figure>\n\n\n\n<figure class=\"wp-block-image size-large\"><img loading=\"lazy\" decoding=\"async\" width=\"1024\" height=\"614\" data-id=\"42204\" src=\"https:\/\/centralmedia.rs\/wp-content\/uploads\/2025\/03\/ulica-1024x614.png\" alt=\"\" class=\"wp-image-42204\" srcset=\"https:\/\/centralmedia.rs\/wp-content\/uploads\/2025\/03\/ulica-1024x614.png 1024w, https:\/\/centralmedia.rs\/wp-content\/uploads\/2025\/03\/ulica-300x180.png 300w, https:\/\/centralmedia.rs\/wp-content\/uploads\/2025\/03\/ulica-768x461.png 768w, https:\/\/centralmedia.rs\/wp-content\/uploads\/2025\/03\/ulica.png 1260w\" sizes=\"(max-width: 1024px) 100vw, 1024px\" \/><\/figure>\n<\/figure>\n\n\n\n<p>Odluka je obrazlo\u017eena, kako se navodi u predlogu gradona\u010delnice Gordane Jovanovi\u0107, zbog izuzetnog pijeteta prema nedavno preminulom Draganu Markovi\u0107u Palmi i zbog zahvalnosti za sve \u0161to je u\u010dinio za grad Jagodinu<\/p>\n\n\n\n<p>Odbornci su ve\u0107inom glasova usvojili devet ta\u010daka dnevnog rada. Usvojeni su predlozi odluka o izmenama i dopunama Poslovnika Skup\u0161tine grada Jagodine, kao i odlukama o pristupanju izradi planskih akata, te o izmenama i dopuni odluke o utvr\u0111ivanju naziva ulica za grad Jagodinu i zaseoke na teritoriji grada.<\/p>\n\n\n\n<p>Usvojene su izmene odluke o utvr\u0111ivanju doprinosa za ure\u0111enje gra\u0111evinskog zemlji\u0161ta, predlozi koje se odnose na anga\u017eovanje eksterne institucije za reviziju zavr\u0161nog bud\u017eeta grada Jagodine za 2024.godinu, kao i odluka o obrazovanju i na\u010dinu rada Lokalne komisije za kapitalne investicije i predlozi o pribavljanju i raspolaganju gra\u0111evinskim zemlji\u0161tem i nepokretnostima u javnoj svojini grada. Pred odbornicima su &nbsp;bili predlozi re\u0161enja o programu odr\u017eavanja zelenih povr\u0161ina u ovoj godini, izve\u0161taji o radu, finansijski planovi&nbsp; i programi rada javnih preduze\u0107a i ustanova &#8211; Turisti\u010dke organizacije, Kulturnog centra ,,Svetozar Markovi\u0107\u2019\u2019, Narodne biblioteke ,,Radislav Nik\u010devi\u0107\u2019\u2019, Jagodinskog sportskog saveza, Istorijskog arhiva ,,Srednje Pomoravlje\u2019\u2019, Zavi\u010dajnog muzeja, Zoo vrta, Javnog preduze\u0107a ,,Standard\u201d i Saveta za zdravlje&nbsp; grada Jagodine. Odbornici su usvojili kadrovska re\u0161enja.<\/p>\n","protected":false},"excerpt":{"rendered":"<p>DRAGAN MARKOVI\u0106 PALMA DOBIO ULICU U JAGODINI Ulica u turisti\u010dkom centru nosi\u0107e ime nedavno preminulog predsednika Skup\u0161tine grada Jagodina Dragana Markovi\u0107a Palme, odlu\u010dili su odbornici &hellip; <\/p>\n","protected":false},"author":2,"featured_media":38610,"comment_status":"closed","ping_status":"open","sticky":false,"template":"","format":"standard","meta":{"footnotes":""},"categories":[14,1524,2,1514,12],"tags":[58,120,3983],"_links":{"self":[{"href":"https:\/\/centralmedia.rs\/index.php\/wp-json\/wp\/v2\/posts\/42202"}],"collection":[{"href":"https:\/\/centralmedia.rs\/index.php\/wp-json\/wp\/v2\/posts"}],"about":[{"href":"https:\/\/centralmedia.rs\/index.php\/wp-json\/wp\/v2\/types\/post"}],"author":[{"embeddable":true,"href":"https:\/\/centralmedia.rs\/index.php\/wp-json\/wp\/v2\/users\/2"}],"replies":[{"embeddable":true,"href":"https:\/\/centralmedia.rs\/index.php\/wp-json\/wp\/v2\/comments?post=42202"}],"version-history":[{"count":1,"href":"https:\/\/centralmedia.rs\/index.php\/wp-json\/wp\/v2\/posts\/42202\/revisions"}],"predecessor-version":[{"id":42205,"href":"https:\/\/centralmedia.rs\/index.php\/wp-json\/wp\/v2\/posts\/42202\/revisions\/42205"}],"wp:featuredmedia":[{"embeddable":true,"href":"https:\/\/centralmedia.rs\/index.php\/wp-json\/wp\/v2\/media\/38610"}],"wp:attachment":[{"href":"https:\/\/centralmedia.rs\/index.php\/wp-json\/wp\/v2\/media?parent=42202"}],"wp:term":[{"taxonomy":"category","embeddable":true,"href":"https:\/\/centralmedia.rs\/index.php\/wp-json\/wp\/v2\/categories?post=42202"},{"taxonomy":"post_tag","embeddable":true,"href":"https:\/\/centralmedia.rs\/index.php\/wp-json\/wp\/v2\/tags?post=42202"}],"curies":[{"name":"wp","href":"https:\/\/api.w.org\/{rel}","templated":true}]}}