{"id":4223,"date":"2016-08-13T18:20:53","date_gmt":"2016-08-13T18:20:53","guid":{"rendered":"http:\/\/centralmedia.rs\/?p=4223"},"modified":"2017-01-20T00:54:56","modified_gmt":"2017-01-20T00:54:56","slug":"seoske-olimpijske-igre-majstorska-kolica-stafeta-lubenica","status":"publish","type":"post","link":"https:\/\/centralmedia.rs\/index.php\/2016\/08\/13\/seoske-olimpijske-igre-majstorska-kolica-stafeta-lubenica\/","title":{"rendered":"SEOSKE OLIMPIJSKE IGRE &#8211; MAJSTORSKA KOLICA I \u0160TAFETA LUBENICA"},"content":{"rendered":"<p>\u0106UPRIJA-Seoske Olimpijske igre u \u0106upriji po\u010dinju u ponedeljak i do \u010detvrtka \u0107e biti odr\u017eana kvalifikaciona takmi\u010denja po grupama u Mijatovcu, Kru\u0161aru, Senju i Ivankovcu. Finale je zakazano za nedelju, 21. avgust na ,,neutralnom\u201d terenu \u2013 na centralnom trgu u \u0106upriji. U konkurenciji je \u0161esnaest sela, a interesovanje veliko. Neke ekipe danima pre po\u010detka kvalifikacionih takmi\u010denja obavljaju ozbiljne pripreme. U\u010desnici olimpjade takmi\u010di\u0107e se popularnim sportovima, ali i disciplinama kao \u0161to su bacanje kamena s ramena, vo\u017enja u majstorskim kolicima i \u0161tafeta lubenica. Ovo zanimljivo rekreativno i zabavno nadmetanje sela koje pripadaju \u0107uprijskoj lokalnoj samoupravi, inicirao je i organizovao Sportski savez \u0106uprije, \u017eele\u0107i na taj na\u010din da i me\u0161tane seoskih mesnih zajednica uklju\u010di u sportske aktivnosti kojima je obele\u017eena ovogodi\u0161nja manifestacija \u201cSportsko leto u \u0106upriji\u201d.Pokrovitelj olimpijade je Op\u0161tina \u0106uprija,a sva takmi\u010denj \u00a0po\u010dinju u 17 \u010dasova.<\/p>\n<p><strong><em>Pozitivni primeri Razglednica iz <\/em><\/strong><strong><em>\u0106uprije<\/em><\/strong><strong><em> \u2013 Projekat se realizuje uz pomo\u0107 sredstava iz bud\u017eeta Op\u0161tine \u0106uprija.<\/em><\/strong><\/p>\n","protected":false},"excerpt":{"rendered":"<p>\u0106UPRIJA-Seoske Olimpijske igre u \u0106upriji po\u010dinju u ponedeljak i do \u010detvrtka \u0107e biti odr\u017eana kvalifikaciona takmi\u010denja po grupama u Mijatovcu, Kru\u0161aru, Senju i Ivankovcu. Finale &hellip; <\/p>\n","protected":false},"author":4,"featured_media":4224,"comment_status":"open","ping_status":"open","sticky":false,"template":"","format":"standard","meta":{"footnotes":""},"categories":[1515,1524,887,21],"tags":[44,1126],"_links":{"self":[{"href":"https:\/\/centralmedia.rs\/index.php\/wp-json\/wp\/v2\/posts\/4223"}],"collection":[{"href":"https:\/\/centralmedia.rs\/index.php\/wp-json\/wp\/v2\/posts"}],"about":[{"href":"https:\/\/centralmedia.rs\/index.php\/wp-json\/wp\/v2\/types\/post"}],"author":[{"embeddable":true,"href":"https:\/\/centralmedia.rs\/index.php\/wp-json\/wp\/v2\/users\/4"}],"replies":[{"embeddable":true,"href":"https:\/\/centralmedia.rs\/index.php\/wp-json\/wp\/v2\/comments?post=4223"}],"version-history":[{"count":0,"href":"https:\/\/centralmedia.rs\/index.php\/wp-json\/wp\/v2\/posts\/4223\/revisions"}],"wp:featuredmedia":[{"embeddable":true,"href":"https:\/\/centralmedia.rs\/index.php\/wp-json\/wp\/v2\/media\/4224"}],"wp:attachment":[{"href":"https:\/\/centralmedia.rs\/index.php\/wp-json\/wp\/v2\/media?parent=4223"}],"wp:term":[{"taxonomy":"category","embeddable":true,"href":"https:\/\/centralmedia.rs\/index.php\/wp-json\/wp\/v2\/categories?post=4223"},{"taxonomy":"post_tag","embeddable":true,"href":"https:\/\/centralmedia.rs\/index.php\/wp-json\/wp\/v2\/tags?post=4223"}],"curies":[{"name":"wp","href":"https:\/\/api.w.org\/{rel}","templated":true}]}}