{"id":42239,"date":"2025-03-13T17:30:19","date_gmt":"2025-03-13T16:30:19","guid":{"rendered":"https:\/\/centralmedia.rs\/?p=42239"},"modified":"2025-03-17T17:30:30","modified_gmt":"2025-03-17T16:30:30","slug":"pomoc-za-socijalno-ugrozene-2","status":"publish","type":"post","link":"https:\/\/centralmedia.rs\/index.php\/2025\/03\/13\/pomoc-za-socijalno-ugrozene-2\/","title":{"rendered":"POMO\u0106 ZA SOCIJALNO UGRO\u017dENE"},"content":{"rendered":"\n<p>U toku je podela paketa pomo\u0107i za sve korisnike Centara za socijalni rad koja se sprovodi u Svilajncu i Para\u0107inu.<\/p>\n\n\n\n<figure class=\"wp-block-gallery has-nested-images columns-default is-cropped wp-block-gallery-1 is-layout-flex wp-block-gallery-is-layout-flex\">\n<figure class=\"wp-block-image size-large\"><img loading=\"lazy\" decoding=\"async\" width=\"1024\" height=\"576\" data-id=\"42242\" src=\"https:\/\/centralmedia.rs\/wp-content\/uploads\/2025\/03\/paketi-2-1024x576.png\" alt=\"\" class=\"wp-image-42242\" srcset=\"https:\/\/centralmedia.rs\/wp-content\/uploads\/2025\/03\/paketi-2-1024x576.png 1024w, https:\/\/centralmedia.rs\/wp-content\/uploads\/2025\/03\/paketi-2-300x169.png 300w, https:\/\/centralmedia.rs\/wp-content\/uploads\/2025\/03\/paketi-2-768x432.png 768w, https:\/\/centralmedia.rs\/wp-content\/uploads\/2025\/03\/paketi-2-1536x864.png 1536w, https:\/\/centralmedia.rs\/wp-content\/uploads\/2025\/03\/paketi-2-820x460.png 820w, https:\/\/centralmedia.rs\/wp-content\/uploads\/2025\/03\/paketi-2-1260x710.png 1260w, https:\/\/centralmedia.rs\/wp-content\/uploads\/2025\/03\/paketi-2.png 1920w\" sizes=\"(max-width: 1024px) 100vw, 1024px\" \/><\/figure>\n\n\n\n<figure class=\"wp-block-image size-large\"><img loading=\"lazy\" decoding=\"async\" width=\"1024\" height=\"576\" data-id=\"42241\" src=\"https:\/\/centralmedia.rs\/wp-content\/uploads\/2025\/03\/paketi-3-1024x576.png\" alt=\"\" class=\"wp-image-42241\" srcset=\"https:\/\/centralmedia.rs\/wp-content\/uploads\/2025\/03\/paketi-3-1024x576.png 1024w, https:\/\/centralmedia.rs\/wp-content\/uploads\/2025\/03\/paketi-3-300x169.png 300w, https:\/\/centralmedia.rs\/wp-content\/uploads\/2025\/03\/paketi-3-768x432.png 768w, https:\/\/centralmedia.rs\/wp-content\/uploads\/2025\/03\/paketi-3-1536x864.png 1536w, https:\/\/centralmedia.rs\/wp-content\/uploads\/2025\/03\/paketi-3-820x460.png 820w, https:\/\/centralmedia.rs\/wp-content\/uploads\/2025\/03\/paketi-3-1260x710.png 1260w, https:\/\/centralmedia.rs\/wp-content\/uploads\/2025\/03\/paketi-3.png 1920w\" sizes=\"(max-width: 1024px) 100vw, 1024px\" \/><\/figure>\n\n\n\n<figure class=\"wp-block-image size-large\"><img loading=\"lazy\" decoding=\"async\" width=\"1024\" height=\"576\" data-id=\"42243\" src=\"https:\/\/centralmedia.rs\/wp-content\/uploads\/2025\/03\/paketi-4-1024x576.png\" alt=\"\" class=\"wp-image-42243\" srcset=\"https:\/\/centralmedia.rs\/wp-content\/uploads\/2025\/03\/paketi-4-1024x576.png 1024w, https:\/\/centralmedia.rs\/wp-content\/uploads\/2025\/03\/paketi-4-300x169.png 300w, https:\/\/centralmedia.rs\/wp-content\/uploads\/2025\/03\/paketi-4-768x432.png 768w, https:\/\/centralmedia.rs\/wp-content\/uploads\/2025\/03\/paketi-4-1536x864.png 1536w, https:\/\/centralmedia.rs\/wp-content\/uploads\/2025\/03\/paketi-4-820x460.png 820w, https:\/\/centralmedia.rs\/wp-content\/uploads\/2025\/03\/paketi-4-1260x710.png 1260w, https:\/\/centralmedia.rs\/wp-content\/uploads\/2025\/03\/paketi-4.png 1920w\" sizes=\"(max-width: 1024px) 100vw, 1024px\" \/><\/figure>\n<\/figure>\n\n\n\n<p>Ovu pomo\u0107 dobi\u0107e po 350 porodica iz Svilajnca i Para\u0107ina:<\/p>\n\n\n\n<p>&#8220;Paketi sadr\u017ee osnovne prehrambene i \u017eivotne namirnice i li\u010dno \u0107emo ih uru\u010diti svakoj porodici iz na\u0161e op\u0161tine koja je korisnik Centra za socijalni rad. Ovu akciju sprovodimo uz podr\u0161ku Crvenog krsta, Centra za socijalni rad, Centra za brigu o porodici i samo je jedna od akcija <a><\/a>kojima poma\u017eemo ovim porodicama. Novina je da smo od ove godine pro\u0161irili spisak korisnika i dodali i korisnike tu\u0111e nege i pomo\u0107i, grani\u010dne slu\u010dajeve i korisnike narodne kuhinje, za koje je Op\u0161tina Svilajnac obezbedila dodatne pakete. Obi\u0107i \u0107emo svaku ku\u0107u, jer smo tu i da na terenu porazgovaramo sa ljudima, \u010dujemo njihove probleme i odmah reagujemo i pomognemo za sve \u0161to je u na\u0161em domenu&#8221; \u2013 izjavila je Monika Petronijevi\u0107, \u010dlan op\u0161tinskog ve\u0107a.<\/p>\n\n\n\n<p>Porodice ka\u017eu da je svaka pomo\u0107 dobrodo\u0161la, a da je nekad briga i lepa re\u010d ono \u0161to im najvi\u0161e zna\u010di.<\/p>\n","protected":false},"excerpt":{"rendered":"<p>U toku je podela paketa pomo\u0107i za sve korisnike Centara za socijalni rad koja se sprovodi u Svilajncu i Para\u0107inu. Ovu pomo\u0107 dobi\u0107e po 350 &hellip; <\/p>\n","protected":false},"author":2,"featured_media":42240,"comment_status":"closed","ping_status":"open","sticky":false,"template":"","format":"standard","meta":{"footnotes":""},"categories":[1524,1516,16,12,1517],"tags":[6683,6964],"_links":{"self":[{"href":"https:\/\/centralmedia.rs\/index.php\/wp-json\/wp\/v2\/posts\/42239"}],"collection":[{"href":"https:\/\/centralmedia.rs\/index.php\/wp-json\/wp\/v2\/posts"}],"about":[{"href":"https:\/\/centralmedia.rs\/index.php\/wp-json\/wp\/v2\/types\/post"}],"author":[{"embeddable":true,"href":"https:\/\/centralmedia.rs\/index.php\/wp-json\/wp\/v2\/users\/2"}],"replies":[{"embeddable":true,"href":"https:\/\/centralmedia.rs\/index.php\/wp-json\/wp\/v2\/comments?post=42239"}],"version-history":[{"count":1,"href":"https:\/\/centralmedia.rs\/index.php\/wp-json\/wp\/v2\/posts\/42239\/revisions"}],"predecessor-version":[{"id":42244,"href":"https:\/\/centralmedia.rs\/index.php\/wp-json\/wp\/v2\/posts\/42239\/revisions\/42244"}],"wp:featuredmedia":[{"embeddable":true,"href":"https:\/\/centralmedia.rs\/index.php\/wp-json\/wp\/v2\/media\/42240"}],"wp:attachment":[{"href":"https:\/\/centralmedia.rs\/index.php\/wp-json\/wp\/v2\/media?parent=42239"}],"wp:term":[{"taxonomy":"category","embeddable":true,"href":"https:\/\/centralmedia.rs\/index.php\/wp-json\/wp\/v2\/categories?post=42239"},{"taxonomy":"post_tag","embeddable":true,"href":"https:\/\/centralmedia.rs\/index.php\/wp-json\/wp\/v2\/tags?post=42239"}],"curies":[{"name":"wp","href":"https:\/\/api.w.org\/{rel}","templated":true}]}}