{"id":42254,"date":"2025-03-13T17:37:01","date_gmt":"2025-03-13T16:37:01","guid":{"rendered":"https:\/\/centralmedia.rs\/?p=42254"},"modified":"2025-03-17T17:37:09","modified_gmt":"2025-03-17T16:37:09","slug":"pocela-je-it-obuka-futurecoders-lab-u-regionalnom-inovacionom-startap-centru-paracin","status":"publish","type":"post","link":"https:\/\/centralmedia.rs\/index.php\/2025\/03\/13\/pocela-je-it-obuka-futurecoders-lab-u-regionalnom-inovacionom-startap-centru-paracin\/","title":{"rendered":"Po\u010dela je IT obuka \u201cFutureCoders Lab\u201d u Regionalnom inovacionom startap centru Para\u0107in."},"content":{"rendered":"\n<p>Uz veliku energiju i entuzijazam, u\u010desnici su zakora\u010dili u svet programiranja i algoritama, spremni da steknu prakti\u010dna znanja koja \u0107e im pomo\u0107i da postanu deo savremenog IT ekosistema.<\/p>\n\n\n\n<p>Prvi \u010das su odr\u017eali profesor Slavimir Sto\u0161ovi\u0107 i Milan Risti\u0107, koji \u0107e kroz intenzivan program voditi polaznike ka usvajanju klju\u010dnih ve\u0161tina u programiranju.<\/p>\n\n\n\n<p>Ova <a><\/a>obuka se realizuje u okviru projekta \u201cPodizanje kapaciteta regionalnih inovacionih startap centara\u201d, u saradnji sa Nau\u010dno-tehnolo\u0161kim parkom Ni\u0161 i Ministarstvom nauke, tehnolo\u0161kog razvoja i inovacija.<\/p>\n","protected":false},"excerpt":{"rendered":"<p>Uz veliku energiju i entuzijazam, u\u010desnici su zakora\u010dili u svet programiranja i algoritama, spremni da steknu prakti\u010dna znanja koja \u0107e im pomo\u0107i da postanu deo &hellip; <\/p>\n","protected":false},"author":2,"featured_media":42255,"comment_status":"closed","ping_status":"open","sticky":false,"template":"","format":"standard","meta":{"footnotes":""},"categories":[1524,2,1516,16,12],"tags":[6967,156,6927],"_links":{"self":[{"href":"https:\/\/centralmedia.rs\/index.php\/wp-json\/wp\/v2\/posts\/42254"}],"collection":[{"href":"https:\/\/centralmedia.rs\/index.php\/wp-json\/wp\/v2\/posts"}],"about":[{"href":"https:\/\/centralmedia.rs\/index.php\/wp-json\/wp\/v2\/types\/post"}],"author":[{"embeddable":true,"href":"https:\/\/centralmedia.rs\/index.php\/wp-json\/wp\/v2\/users\/2"}],"replies":[{"embeddable":true,"href":"https:\/\/centralmedia.rs\/index.php\/wp-json\/wp\/v2\/comments?post=42254"}],"version-history":[{"count":1,"href":"https:\/\/centralmedia.rs\/index.php\/wp-json\/wp\/v2\/posts\/42254\/revisions"}],"predecessor-version":[{"id":42256,"href":"https:\/\/centralmedia.rs\/index.php\/wp-json\/wp\/v2\/posts\/42254\/revisions\/42256"}],"wp:featuredmedia":[{"embeddable":true,"href":"https:\/\/centralmedia.rs\/index.php\/wp-json\/wp\/v2\/media\/42255"}],"wp:attachment":[{"href":"https:\/\/centralmedia.rs\/index.php\/wp-json\/wp\/v2\/media?parent=42254"}],"wp:term":[{"taxonomy":"category","embeddable":true,"href":"https:\/\/centralmedia.rs\/index.php\/wp-json\/wp\/v2\/categories?post=42254"},{"taxonomy":"post_tag","embeddable":true,"href":"https:\/\/centralmedia.rs\/index.php\/wp-json\/wp\/v2\/tags?post=42254"}],"curies":[{"name":"wp","href":"https:\/\/api.w.org\/{rel}","templated":true}]}}