{"id":4227,"date":"2016-08-13T18:28:09","date_gmt":"2016-08-13T18:28:09","guid":{"rendered":"http:\/\/centralmedia.rs\/?p=4227"},"modified":"2016-08-13T18:28:09","modified_gmt":"2016-08-13T18:28:09","slug":"leto-u-prirodnjackom-centru-srbije","status":"publish","type":"post","link":"https:\/\/centralmedia.rs\/index.php\/2016\/08\/13\/leto-u-prirodnjackom-centru-srbije\/","title":{"rendered":"LETO U PRIRODNJA\u010cKOM CENTRU SRBIJE"},"content":{"rendered":"<p>SVILAJNAC- U prirpdnja\u010dkom centur Srbije danas su se najmla\u0111i bavili oslikavanjem lica, \u0161kolom lepog govora i gledali interaktivnu predstavu.,,Maksina laboratorija&#8221;. Za nedelju 14 avgust u 10 sati na programu je predstava ,,Vilenjaci&#8221; i\u00a0 u\u00a0 12 i\u00a0 15 sati ,,Maksina laboratorija&#8221;. Pro\u0161log vikenda\u00a0deca su u\u010destvovala u radionici \u0160kole scenskih borbi koju vodi Janko Ceki\u0107, gde su se upoznali sa ovom zanimljivom tehnikom, a do\u017eivljaj je upotpunila An\u0111a \u017divadinovi\u0107 sa svojim ve\u0161tinama u face painting-u. Posetioci su prisustvovali predstavi, Pobuna igra\u010daka, u izvodjenju gluma\u010dkog ansambla iz Beograda, kao i Maksinoj laboratoriji, interaktivnoj predstavi koju organizuje sam Prirodnja\u010dki centar. Pored ovih radionica i predstava, posetioci su mogli da pogledaju stalnu postavku od pet izlo\u017ebi, kao i dve gostuju\u0107e izlo\u017ebe Prirodnja\u010dkog muzeja u Beogradu i Filozofskog fakulteta Univerziteta u Beogradu, kao i Dino park &#8211; Dinosville.<\/p>\n<div id='gallery-1' class='gallery galleryid-4227 gallery-columns-3 gallery-size-large'><figure class='gallery-item'>\n\t\t\t<div class='gallery-icon landscape'>\n\t\t\t\t<a href='https:\/\/centralmedia.rs\/index.php\/2016\/08\/13\/leto-u-prirodnjackom-centru-srbije\/prirodnjacki-centar-1\/'><img loading=\"lazy\" decoding=\"async\" width=\"760\" height=\"428\" src=\"https:\/\/centralmedia.rs\/wp-content\/uploads\/2016\/08\/prirodnjacki-centar-1.jpg\" class=\"attachment-large size-large\" alt=\"\" srcset=\"https:\/\/centralmedia.rs\/wp-content\/uploads\/2016\/08\/prirodnjacki-centar-1.jpg 960w, https:\/\/centralmedia.rs\/wp-content\/uploads\/2016\/08\/prirodnjacki-centar-1-300x169.jpg 300w, https:\/\/centralmedia.rs\/wp-content\/uploads\/2016\/08\/prirodnjacki-centar-1-768x432.jpg 768w\" sizes=\"(max-width: 760px) 100vw, 760px\" \/><\/a>\n\t\t\t<\/div><\/figure><figure class='gallery-item'>\n\t\t\t<div class='gallery-icon landscape'>\n\t\t\t\t<a href='https:\/\/centralmedia.rs\/index.php\/2016\/08\/13\/leto-u-prirodnjackom-centru-srbije\/prirodnjacki-centar\/'><img loading=\"lazy\" decoding=\"async\" width=\"760\" height=\"428\" src=\"https:\/\/centralmedia.rs\/wp-content\/uploads\/2016\/08\/prirodnjacki-centar.jpg\" class=\"attachment-large size-large\" alt=\"\" srcset=\"https:\/\/centralmedia.rs\/wp-content\/uploads\/2016\/08\/prirodnjacki-centar.jpg 960w, https:\/\/centralmedia.rs\/wp-content\/uploads\/2016\/08\/prirodnjacki-centar-300x169.jpg 300w, https:\/\/centralmedia.rs\/wp-content\/uploads\/2016\/08\/prirodnjacki-centar-768x432.jpg 768w\" sizes=\"(max-width: 760px) 100vw, 760px\" \/><\/a>\n\t\t\t<\/div><\/figure><figure class='gallery-item'>\n\t\t\t<div class='gallery-icon portrait'>\n\t\t\t\t<a href='https:\/\/centralmedia.rs\/index.php\/2016\/08\/13\/leto-u-prirodnjackom-centru-srbije\/prirodnjacki-centar-2\/'><img loading=\"lazy\" decoding=\"async\" width=\"540\" height=\"960\" src=\"https:\/\/centralmedia.rs\/wp-content\/uploads\/2016\/08\/prirodnjacki-centar-2.jpg\" class=\"attachment-large size-large\" alt=\"\" srcset=\"https:\/\/centralmedia.rs\/wp-content\/uploads\/2016\/08\/prirodnjacki-centar-2.jpg 540w, https:\/\/centralmedia.rs\/wp-content\/uploads\/2016\/08\/prirodnjacki-centar-2-169x300.jpg 169w\" sizes=\"(max-width: 540px) 100vw, 540px\" \/><\/a>\n\t\t\t<\/div><\/figure>\n\t\t<\/div>\n\n<p>Cene ulaznica su 500 din. za odrasle i 350 din. za decu od 3 do 12 godina. Radno vreme je svakog dana od 10 do 19 \u010dasova.<\/p>\n","protected":false},"excerpt":{"rendered":"<p>SVILAJNAC- U prirpdnja\u010dkom centur Srbije danas su se najmla\u0111i bavili oslikavanjem lica, \u0161kolom lepog govora i gledali interaktivnu predstavu.,,Maksina laboratorija&#8221;. Za nedelju 14 avgust u &hellip; <\/p>\n","protected":false},"author":4,"featured_media":4228,"comment_status":"open","ping_status":"open","sticky":false,"template":"","format":"standard","meta":{"footnotes":""},"categories":[887,16,12],"tags":[1073,1127,38],"_links":{"self":[{"href":"https:\/\/centralmedia.rs\/index.php\/wp-json\/wp\/v2\/posts\/4227"}],"collection":[{"href":"https:\/\/centralmedia.rs\/index.php\/wp-json\/wp\/v2\/posts"}],"about":[{"href":"https:\/\/centralmedia.rs\/index.php\/wp-json\/wp\/v2\/types\/post"}],"author":[{"embeddable":true,"href":"https:\/\/centralmedia.rs\/index.php\/wp-json\/wp\/v2\/users\/4"}],"replies":[{"embeddable":true,"href":"https:\/\/centralmedia.rs\/index.php\/wp-json\/wp\/v2\/comments?post=4227"}],"version-history":[{"count":0,"href":"https:\/\/centralmedia.rs\/index.php\/wp-json\/wp\/v2\/posts\/4227\/revisions"}],"wp:featuredmedia":[{"embeddable":true,"href":"https:\/\/centralmedia.rs\/index.php\/wp-json\/wp\/v2\/media\/4228"}],"wp:attachment":[{"href":"https:\/\/centralmedia.rs\/index.php\/wp-json\/wp\/v2\/media?parent=4227"}],"wp:term":[{"taxonomy":"category","embeddable":true,"href":"https:\/\/centralmedia.rs\/index.php\/wp-json\/wp\/v2\/categories?post=4227"},{"taxonomy":"post_tag","embeddable":true,"href":"https:\/\/centralmedia.rs\/index.php\/wp-json\/wp\/v2\/tags?post=4227"}],"curies":[{"name":"wp","href":"https:\/\/api.w.org\/{rel}","templated":true}]}}